{"id":5959,"date":"2025-02-19T02:21:41","date_gmt":"2025-02-19T02:21:41","guid":{"rendered":"https:\/\/sientetupasion.com\/?p=5959"},"modified":"2025-02-19T02:21:41","modified_gmt":"2025-02-19T02:21:41","slug":"ulises-mejia-haro-respalda-al-magisterio-en-sus-luchas-conquistadas","status":"publish","type":"post","link":"https:\/\/sientetupasion.com\/index.php\/2025\/02\/19\/ulises-mejia-haro-respalda-al-magisterio-en-sus-luchas-conquistadas\/","title":{"rendered":"ULISES MEJ\u00cdA HARO RESPALDA AL MAGISTERIO EN SUS LUCHAS CONQUISTADAS"},"content":{"rendered":"<p>El diputado federal Ulises Mej\u00eda Haro, ante pregunta de los medios de comunicaci\u00f3n, coment\u00f3 que respalda a las maestras y maestros  en sus leg\u00edtimas demandas laborales en prestaciones y el pago oportuno de sus salarios con un trato digno y justo. Se\u00f1al\u00f3 que acompa\u00f1a su demanda de pagos, bonos y becas pendientes.<\/p>\n<p>\u201cEl magisterio es un pilar fundamental para el desarrollo de nuestro pa\u00eds; las y los maestros son quienes d\u00eda a d\u00eda contribuyen en la formaci\u00f3n de las nuevas generaciones, inculcan valores, impulsan el pensamiento cr\u00edtico y contribuyen al crecimiento de nuestra sociedad. Su m\u00edstica y dedicaci\u00f3n merecen el reconocimiento y las  condiciones laborales justas. Reafirm\u00f3 su compromiso de defender las luchas y conquistas alcanzadas por el gremio de las y los trabajadores de la educaci\u00f3n; seguiremos legislando en materia laboral en beneficio de las y los trabajadores en general y de sus familias.<br \/>\nAsimismo, exhort\u00f3 a que a trav\u00e9s del di\u00e1logo respetuoso entre las autoridades y el magisterio, pronto lleguen a acuerdos que permitan a las y los maestros regresar a las aulas en beneficio de la formaci\u00f3n de sus alumnos.<br \/>\nLa educaci\u00f3n es un derecho, No es un privilegio!!!<\/p>\n","protected":false},"excerpt":{"rendered":"<p>El diputado federal Ulises Mej\u00eda Haro, ante pregunta de los medios de comunicaci\u00f3n, coment\u00f3 que respalda a las maestras y maestros en sus leg\u00edtimas demandas laborales<span class=\"excerpt-hellip\"> [\u2026]<\/span><\/p>\n","protected":false},"author":2,"featured_media":5960,"comment_status":"open","ping_status":"open","sticky":false,"template":"","format":"standard","meta":{"footnotes":""},"categories":[8],"tags":[],"class_list":["post-5959","post","type-post","status-publish","format-standard","has-post-thumbnail","hentry","category-politica"],"_links":{"self":[{"href":"https:\/\/sientetupasion.com\/index.php\/wp-json\/wp\/v2\/posts\/5959","targetHints":{"allow":["GET"]}}],"collection":[{"href":"https:\/\/sientetupasion.com\/index.php\/wp-json\/wp\/v2\/posts"}],"about":[{"href":"https:\/\/sientetupasion.com\/index.php\/wp-json\/wp\/v2\/types\/post"}],"author":[{"embeddable":true,"href":"https:\/\/sientetupasion.com\/index.php\/wp-json\/wp\/v2\/users\/2"}],"replies":[{"embeddable":true,"href":"https:\/\/sientetupasion.com\/index.php\/wp-json\/wp\/v2\/comments?post=5959"}],"version-history":[{"count":1,"href":"https:\/\/sientetupasion.com\/index.php\/wp-json\/wp\/v2\/posts\/5959\/revisions"}],"predecessor-version":[{"id":5961,"href":"https:\/\/sientetupasion.com\/index.php\/wp-json\/wp\/v2\/posts\/5959\/revisions\/5961"}],"wp:featuredmedia":[{"embeddable":true,"href":"https:\/\/sientetupasion.com\/index.php\/wp-json\/wp\/v2\/media\/5960"}],"wp:attachment":[{"href":"https:\/\/sientetupasion.com\/index.php\/wp-json\/wp\/v2\/media?parent=5959"}],"wp:term":[{"taxonomy":"category","embeddable":true,"href":"https:\/\/sientetupasion.com\/index.php\/wp-json\/wp\/v2\/categories?post=5959"},{"taxonomy":"post_tag","embeddable":true,"href":"https:\/\/sientetupasion.com\/index.php\/wp-json\/wp\/v2\/tags?post=5959"}],"curies":[{"name":"wp","href":"https:\/\/api.w.org\/{rel}","templated":true}]}}