{"id":5906,"date":"2025-02-17T11:09:42","date_gmt":"2025-02-17T11:09:42","guid":{"rendered":"https:\/\/sientetupasion.com\/?p=5906"},"modified":"2025-02-17T11:09:42","modified_gmt":"2025-02-17T11:09:42","slug":"ulises-mejia-haro-presenta-iniciativa-para-fortalecer-a-las-mipymes-ante-camaras-empresariales","status":"publish","type":"post","link":"https:\/\/sientetupasion.com\/index.php\/2025\/02\/17\/ulises-mejia-haro-presenta-iniciativa-para-fortalecer-a-las-mipymes-ante-camaras-empresariales\/","title":{"rendered":"ULISES MEJ\u00cdA HARO PRESENTA INICIATIVA PARA FORTALECER A LAS MIPYMES ANTE C\u00c1MARAS EMPRESARIALES"},"content":{"rendered":"<p>Zacatecas, Zac.- Ulises Mej\u00eda Haro, diputado federal, sostuvo un encuentro con representantes de c\u00e1maras empresariales en Zacatecas, donde present\u00f3 la iniciativa de ley que propuso ante el Congreso de la Uni\u00f3n, orientada a fortalecer a las micro, peque\u00f1as y medianas empresas (MIPYMES), sector clave para el desarrollo econ\u00f3mico del pa\u00eds.<\/p>\n<p>Durante la reuni\u00f3n estuvieron presentes el Lic. Jes\u00fas Gabriel L\u00f3pez del Bosque, presidente de CANACO SERVyTUR Zacatecas; la Lic. Eva Tell\u00e9z Ram\u00edrez, secretaria de CANACO SERVyTUR Zacatecas; la Lic. Daniela Noriega Maldonado, directora general de CANACINTRA Zacatecas; la Lic. Laura Olivia Hern\u00e1ndez Garc\u00eda, presidenta fundadora de UNLEZAC; la Lic. Martha Liliana Mora G\u00e1ndara, gerente general de Argentours; la Lic. Gloria Hern\u00e1ndez Terrones, vicepresidenta regional Baj\u00edo Occidente de CONACO; el Mtro. Jes\u00fas Limones, representante del Colegio de Contadores; el Mtro. Cruz C\u00e1rdenas, empresario de la industria romance y enlace econ\u00f3mico de Un Movimiento Honesto, as\u00ed como dem\u00e1s agremiados, empresarios MIPYME y consultores empresariales.<\/p>\n<p>En este espacio de di\u00e1logo, Mej\u00eda Haro expuso las acciones que su iniciativa contempla, destacando la creaci\u00f3n de un Fondo Revolvente para fomentar mejoras clave que impulsen a las micro, peque\u00f1as y medianas empresas, as\u00ed como a los emprendedores.<\/p>\n<p>Entre las propuestas, se plantea agrupar a la micro y peque\u00f1a empresa bajo la figura MyPE para facilitar su acceso a financiamiento accesible mediante cr\u00e9ditos a tasas preferenciales y programas de inversi\u00f3n que permitan:<br \/>\n\t\u2022\tEquipamiento, capacitaci\u00f3n y modernizaci\u00f3n para optimizar sistemas de compra-venta y aumentar la productividad.<br \/>\n\t\u2022\tAsesor\u00edas legales y laborales que fomenten climas laborales positivos y reduzcan conflictos en las unidades de negocio.<br \/>\n\t\u2022\tEstrategias para disminuir la curva de aprendizaje empresarial, estandarizando procesos y fomentando la mejora continua para evitar cierres tempranos.<br \/>\n\t\u2022\tFomento al emprendimiento, priorizando a las micro y peque\u00f1as empresas como principales generadoras de empleo.<br \/>\n\t\u2022\tProgramas de incubaci\u00f3n que brinden apoyo integral a emprendedores en etapas iniciales.<br \/>\n\t\u2022\tAcceso a mercados mediante ferias, exposiciones y plataformas digitales.<br \/>\n\t\u2022\tCapacitaci\u00f3n constante con cursos en l\u00ednea y talleres presenciales especializados.<br \/>\n\t\u2022\tNetworking para conectar a emprendedores con expertos y crear oportunidades de colaboraci\u00f3n regional e internacional.<br \/>\n\t\u2022\tMentor\u00eda con expertos que gu\u00eden y acompa\u00f1en a los emprendedores.<br \/>\n\t\u2022\tInfraestructura adecuada, como espacios de coworking y acceso a tecnolog\u00eda que faciliten el trabajo y la innovaci\u00f3n.<\/p>\n<p>\u201cLas MIPYMES enfrentan desaf\u00edos significativos que requieren atenci\u00f3n prioritaria. Es fundamental replantear sus cargas fiscales y beneficios, fortalecer la generaci\u00f3n de empleos bien remunerados, reducir la informalidad y garantizar que m\u00e1s trabajadores accedan a las prestaciones de ley. Implementar esquemas de capacitaci\u00f3n y modernizaci\u00f3n permitir\u00e1 que estas unidades de negocio se adapten y prosperen en un entorno econ\u00f3mico competitivo\u201d, destac\u00f3 Mej\u00eda Haro.<\/p>\n<p>El diputado federal subray\u00f3 que estas iniciativas buscan dise\u00f1ar pol\u00edticas p\u00fablicas que promuevan un crecimiento sostenible e inclusivo, reconociendo a las MIPYMES como pilares fundamentales del empleo y la estabilidad econ\u00f3mica en M\u00e9xico. Invit\u00f3 adem\u00e1s a los representantes empresariales a fomentar una marca local que se sume al programa federal Hecho en M\u00e9xico, promoviendo el consumo local. \u201cPensemos en crear un Hecho en M\u00e9xico por zacatecanos, una marca propia que impulse las acciones a nivel federal y visibilice el trabajo de las y los zacatecanos\u201d, coment\u00f3 Mej\u00eda Haro.<\/p>\n<p>Jes\u00fas L\u00f3pez, presidente de la C\u00e1mara Nacional de Comercio en Zacatecas, resalt\u00f3 que este intercambio de ideas permite construir, juntas y juntos, mejores oportunidades para todas y todos, e invit\u00f3 a las pr\u00f3ximas mesas de trabajo para aterrizar m\u00e1s propuestas en beneficio de los comerciantes locales.<\/p>\n<p>Ulises Mej\u00eda Haro reiter\u00f3 su compromiso de seguir legislando por la esperanza, impulsando el desarrollo econ\u00f3mico de la mano de quienes generan empleo y crecimiento para el pa\u00eds, consolidando el Plan M\u00e9xico que encabeza la presidenta, Dra. Claudia Sheinbaum.<\/p>\n<p>\u201cVamos a seguir generando condiciones de crecimiento, desarrollo y bienestar, porque el trabajo todo lo vence\u201d, concluy\u00f3 Mej\u00eda Haro.<\/p>\n","protected":false},"excerpt":{"rendered":"<p>Zacatecas, Zac.- Ulises Mej\u00eda Haro, diputado federal, sostuvo un encuentro con representantes de c\u00e1maras empresariales en Zacatecas, donde present\u00f3 la iniciativa de ley que propuso ante<span class=\"excerpt-hellip\"> [\u2026]<\/span><\/p>\n","protected":false},"author":2,"featured_media":5907,"comment_status":"open","ping_status":"open","sticky":false,"template":"","format":"standard","meta":{"footnotes":""},"categories":[8],"tags":[],"class_list":["post-5906","post","type-post","status-publish","format-standard","has-post-thumbnail","hentry","category-politica"],"_links":{"self":[{"href":"https:\/\/sientetupasion.com\/index.php\/wp-json\/wp\/v2\/posts\/5906","targetHints":{"allow":["GET"]}}],"collection":[{"href":"https:\/\/sientetupasion.com\/index.php\/wp-json\/wp\/v2\/posts"}],"about":[{"href":"https:\/\/sientetupasion.com\/index.php\/wp-json\/wp\/v2\/types\/post"}],"author":[{"embeddable":true,"href":"https:\/\/sientetupasion.com\/index.php\/wp-json\/wp\/v2\/users\/2"}],"replies":[{"embeddable":true,"href":"https:\/\/sientetupasion.com\/index.php\/wp-json\/wp\/v2\/comments?post=5906"}],"version-history":[{"count":1,"href":"https:\/\/sientetupasion.com\/index.php\/wp-json\/wp\/v2\/posts\/5906\/revisions"}],"predecessor-version":[{"id":5908,"href":"https:\/\/sientetupasion.com\/index.php\/wp-json\/wp\/v2\/posts\/5906\/revisions\/5908"}],"wp:featuredmedia":[{"embeddable":true,"href":"https:\/\/sientetupasion.com\/index.php\/wp-json\/wp\/v2\/media\/5907"}],"wp:attachment":[{"href":"https:\/\/sientetupasion.com\/index.php\/wp-json\/wp\/v2\/media?parent=5906"}],"wp:term":[{"taxonomy":"category","embeddable":true,"href":"https:\/\/sientetupasion.com\/index.php\/wp-json\/wp\/v2\/categories?post=5906"},{"taxonomy":"post_tag","embeddable":true,"href":"https:\/\/sientetupasion.com\/index.php\/wp-json\/wp\/v2\/tags?post=5906"}],"curies":[{"name":"wp","href":"https:\/\/api.w.org\/{rel}","templated":true}]}}