{"id":5519,"date":"2025-02-11T23:33:46","date_gmt":"2025-02-11T23:33:46","guid":{"rendered":"https:\/\/sientetupasion.com\/?p=5519"},"modified":"2025-02-11T23:33:46","modified_gmt":"2025-02-11T23:33:46","slug":"rinde-protesta-la-octava-presidenta-del-sistema-estatal-anticorrupcion-de-zacatecas","status":"publish","type":"post","link":"https:\/\/sientetupasion.com\/index.php\/2025\/02\/11\/rinde-protesta-la-octava-presidenta-del-sistema-estatal-anticorrupcion-de-zacatecas\/","title":{"rendered":"RINDE PROTESTA LA OCTAVA PRESIDENTA DEL SISTEMA ESTATAL  ANTICORRUPCI\u00d3N DE ZACATECAS."},"content":{"rendered":"<p class=\"s3\">\n<p class=\"s3\">\n<p class=\"s4\"><span class=\"s2\"><span class=\"bumpedFont15\">Zacatecas, 11 de febrero de 2025.- Durante la primera sesi<\/span><\/span><span class=\"s2\"><span class=\"bumpedFont15\">\u00f3<\/span><\/span><span class=\"s2\"><span class=\"bumpedFont15\">n ordinaria del Comit<\/span><\/span><span class=\"s2\"><span class=\"bumpedFont15\">\u00e9 <\/span><\/span><span class=\"s2\"><span class=\"bumpedFont15\">Coordinador y <\/span><\/span><span class=\"s2\"><span class=\"bumpedFont15\">\u00d3<\/span><\/span><span class=\"s2\"><span class=\"bumpedFont15\">rgano de Gobierno 2025, la arquitecta Karina Garc<\/span><\/span><span class=\"s2\"><span class=\"bumpedFont15\">\u00ed<\/span><\/span><span class=\"s2\"><span class=\"bumpedFont15\">a de la Torre rindi<\/span><\/span><span class=\"s2\"><span class=\"bumpedFont15\">\u00f3 <\/span><\/span><span class=\"s2\"><span class=\"bumpedFont15\">protesta como la octava presidenta del Sistema Estatal Anticorrupci<\/span><\/span><span class=\"s2\"><span class=\"bumpedFont15\">\u00f3<\/span><\/span><span class=\"s2\"><span class=\"bumpedFont15\">n de Zacatecas.<\/span><\/span><\/p>\n<p class=\"s4\">\n<p class=\"s4\"><span class=\"s2\"><span class=\"bumpedFont15\">Durante la Primera Sesi<\/span><\/span><span class=\"s2\"><span class=\"bumpedFont15\">\u00f3<\/span><\/span><span class=\"s2\"><span class=\"bumpedFont15\">n Ordinaria de Comit<\/span><\/span><span class=\"s2\"><span class=\"bumpedFont15\">\u00e9 <\/span><\/span><span class=\"s2\"><span class=\"bumpedFont15\">Coordinador y <\/span><\/span><span class=\"s2\"><span class=\"bumpedFont15\">\u00d3<\/span><\/span><span class=\"s2\"><span class=\"bumpedFont15\">rgano de Gobierno 2025, una sesi<\/span><\/span><span class=\"s2\"><span class=\"bumpedFont15\">\u00f3<\/span><\/span><span class=\"s2\"><span class=\"bumpedFont15\">n llena de solemnidad y significado, Karina Garc<\/span><\/span><span class=\"s2\"><span class=\"bumpedFont15\">\u00ed<\/span><\/span><span class=\"s2\"><span class=\"bumpedFont15\">a de la Torre quien asumi<\/span><\/span><span class=\"s2\"><span class=\"bumpedFont15\">\u00f3 <\/span><\/span><span class=\"s2\"><span class=\"bumpedFont15\">oficialmente el cargo de presidenta el 24 de enero del 2025, se comprometi<\/span><\/span><span class=\"s2\"><span class=\"bumpedFont15\">\u00f3 <\/span><\/span><span class=\"s2\"><span class=\"bumpedFont15\">a servir con dedicaci<\/span><\/span><span class=\"s2\"><span class=\"bumpedFont15\">\u00f3<\/span><\/span><span class=\"s2\"><span class=\"bumpedFont15\">n y responsabilidad para el beneficio del pueblo y el progreso del Sistema Anticorrupci<\/span><\/span><span class=\"s2\"><span class=\"bumpedFont15\">\u00f3<\/span><\/span><span class=\"s2\"><span class=\"bumpedFont15\">n del estado de Zacatecas.<\/span><\/span><\/p>\n<p class=\"s4\">\n<p class=\"s4\"><span class=\"s2\"><span class=\"bumpedFont15\">En su mensaje de toma de protesta, Garc<\/span><\/span><span class=\"s2\"><span class=\"bumpedFont15\">\u00ed<\/span><\/span><span class=\"s2\"><span class=\"bumpedFont15\">a de la Torre destac<\/span><\/span><span class=\"s2\"><span class=\"bumpedFont15\">\u00f3 <\/span><\/span><span class=\"s2\"><span class=\"bumpedFont15\">su compromiso con la transparencia, la rendici<\/span><\/span><span class=\"s2\"><span class=\"bumpedFont15\">\u00f3<\/span><\/span><span class=\"s2\"><span class=\"bumpedFont15\">n de cuentas y el fortalecimiento de los mecanismos de combate a la corrupci<\/span><\/span><span class=\"s2\"><span class=\"bumpedFont15\">\u00f3<\/span><\/span><span class=\"s2\"><span class=\"bumpedFont15\">n en el estado. Asimismo, hizo un llamado a la colaboraci<\/span><\/span><span class=\"s2\"><span class=\"bumpedFont15\">\u00f3<\/span><\/span><span class=\"s2\"><span class=\"bumpedFont15\">n interinstitucional para garantizar la correcta aplicaci<\/span><\/span><span class=\"s2\"><span class=\"bumpedFont15\">\u00f3<\/span><\/span><span class=\"s2\"><span class=\"bumpedFont15\">n de pol<\/span><\/span><span class=\"s2\"><span class=\"bumpedFont15\">\u00ed<\/span><\/span><span class=\"s2\"><span class=\"bumpedFont15\">ticas que favorezcan la integridad en la administraci<\/span><\/span><span class=\"s2\"><span class=\"bumpedFont15\">\u00f3<\/span><\/span><span class=\"s2\"><span class=\"bumpedFont15\">n p<\/span><\/span><span class=\"s2\"><span class=\"bumpedFont15\">\u00fa<\/span><\/span><span class=\"s2\"><span class=\"bumpedFont15\">blica.<\/span><\/span><\/p>\n<p class=\"s4\">\n<p class=\"s4\"><span class=\"s2\"><span class=\"bumpedFont15\">La ceremonia cont<\/span><\/span><span class=\"s2\"><span class=\"bumpedFont15\">\u00f3 <\/span><\/span><span class=\"s2\"><span class=\"bumpedFont15\">con la presencia de distinguidos l<\/span><\/span><span class=\"s2\"><span class=\"bumpedFont15\">\u00ed<\/span><\/span><span class=\"s2\"><span class=\"bumpedFont15\">deres, representantes gubernamentales y ciudadanos, quienes se congregaron para presenciar este momento trascendental en la historia de nuestro estado; dentro de los que destacan el Lic. Ra<\/span><\/span><span class=\"s2\"><span class=\"bumpedFont15\">\u00fa<\/span><\/span><span class=\"s2\"><span class=\"bumpedFont15\">l Brito Berumen, Auditor Superior del Estado, de la Auditor<\/span><\/span><span class=\"s2\"><span class=\"bumpedFont15\">\u00ed<\/span><\/span><span class=\"s2\"><span class=\"bumpedFont15\">a Superior del Estado, el Lic. Salvador Eduardo Villa Almaraz, Fiscal Especializado en Combate a la Corrupci<\/span><\/span><span class=\"s2\"><span class=\"bumpedFont15\">\u00f3<\/span><\/span><span class=\"s2\"><span class=\"bumpedFont15\">n de la Fiscal<\/span><\/span><span class=\"s2\"><span class=\"bumpedFont15\">\u00ed<\/span><\/span><span class=\"s2\"><span class=\"bumpedFont15\">a General de Justicia del Estado de Zacatecas, Mtra. Nubia Cor<\/span><\/span><span class=\"s2\"><span class=\"bumpedFont15\">\u00e9 <\/span><\/span><span class=\"s2\"><span class=\"bumpedFont15\">Barrios Escamilla, Comisionada Presidenta del IZAI, Mtra. Aida Alicia Lugo D<\/span><\/span><span class=\"s2\"><span class=\"bumpedFont15\">\u00e1<\/span><\/span><span class=\"s2\"><span class=\"bumpedFont15\">vila, Magistrada Presidenta del Tribunal de Justicia Administrativa del Estado de Zacatecas y en representaci<\/span><\/span><span class=\"s2\"><span class=\"bumpedFont15\">\u00f3<\/span><\/span><span class=\"s2\"><span class=\"bumpedFont15\">n del Tribunal Superior de Justicia del Estado de Zacatecas la Lic. Rosa Elena Saucedo Mauricio, quienes integran el Comit<\/span><\/span><span class=\"s2\"><span class=\"bumpedFont15\">\u00e9 <\/span><\/span><span class=\"s2\"><span class=\"bumpedFont15\">Coordinador del Sistema.<\/span><\/span><\/p>\n<p class=\"s4\"><span class=\"s2\"><span class=\"bumpedFont15\">Tambi<\/span><\/span><span class=\"s2\"><span class=\"bumpedFont15\">\u00e9<\/span><\/span><span class=\"s2\"><span class=\"bumpedFont15\">n estuvo presente el secretario t<\/span><\/span><span class=\"s2\"><span class=\"bumpedFont15\">\u00e9<\/span><\/span><span class=\"s2\"><span class=\"bumpedFont15\">cnico, Juan Edgar Burciaga Sol<\/span><\/span><span class=\"s2\"><span class=\"bumpedFont15\">\u00ed<\/span><\/span><span class=\"s2\"><span class=\"bumpedFont15\">s, titular de la Secretar<\/span><\/span><span class=\"s2\"><span class=\"bumpedFont15\">\u00ed<\/span><\/span><span class=\"s2\"><span class=\"bumpedFont15\">a ejecutiva del Sistema Estatal Anticorrupci<\/span><\/span><span class=\"s2\"><span class=\"bumpedFont15\">\u00f3<\/span><\/span><span class=\"s2\"><span class=\"bumpedFont15\">n de Zacatecas.<\/span><\/span><\/p>\n<p class=\"s4\">\n<p class=\"s4\"><span class=\"s2\"><span class=\"bumpedFont15\">En el Comit<\/span><\/span><span class=\"s2\"><span class=\"bumpedFont15\">\u00e9 <\/span><\/span><span class=\"s2\"><span class=\"bumpedFont15\">Coordinador, los miembros discutieron y aprobaron los siguientes acuerdos:<\/span><\/span><\/p>\n<p class=\"s4\"><span class=\"s2\"><span class=\"bumpedFont15\">1.<\/span><\/span>\u200b<span class=\"s2\"><span class=\"bumpedFont15\">El modelo de autoevaluaci<\/span><\/span><span class=\"s2\"><span class=\"bumpedFont15\">\u00f3<\/span><\/span><span class=\"s2\"><span class=\"bumpedFont15\">n de la implementaci<\/span><\/span><span class=\"s2\"><span class=\"bumpedFont15\">\u00f3<\/span><\/span><span class=\"s2\"><span class=\"bumpedFont15\">n de la pol<\/span><\/span><span class=\"s2\"><span class=\"bumpedFont15\">\u00ed<\/span><\/span><span class=\"s2\"><span class=\"bumpedFont15\">tica de integridad y prevenci<\/span><\/span><span class=\"s2\"><span class=\"bumpedFont15\">\u00f3<\/span><\/span><span class=\"s2\"><span class=\"bumpedFont15\">n de conflicto de inter<\/span><\/span><span class=\"s2\"><span class=\"bumpedFont15\">\u00e9<\/span><\/span><span class=\"s2\"><span class=\"bumpedFont15\">s y su mecanismo de difusi<\/span><\/span><span class=\"s2\"><span class=\"bumpedFont15\">\u00f3<\/span><\/span><span class=\"s2\"><span class=\"bumpedFont15\">n (Prioridad 11), el modelo buscar<\/span><\/span><span class=\"s2\"><span class=\"bumpedFont15\">\u00e1 <\/span><\/span><span class=\"s2\"><span class=\"bumpedFont15\">identificar riesgos institucionales, fomentar la capacitaci<\/span><\/span><span class=\"s2\"><span class=\"bumpedFont15\">\u00f3<\/span><\/span><span class=\"s2\"><span class=\"bumpedFont15\">n continua, promover la integridad, y establecer mecanismos para disuadir irregularidades y aplicar sanciones.<\/span><\/span><\/p>\n<p class=\"s4\"><span class=\"s2\"><span class=\"bumpedFont15\">2.<\/span><\/span>\u200b<span class=\"s2\"><span class=\"bumpedFont15\">El proyecto de transparencia proactiva establecida en la prioridad 4 de la Pol<\/span><\/span><span class=\"s2\"><span class=\"bumpedFont15\">\u00ed<\/span><\/span><span class=\"s2\"><span class=\"bumpedFont15\">tica Estatal Anticorrupci<\/span><\/span><span class=\"s2\"><span class=\"bumpedFont15\">\u00f3<\/span><\/span><span class=\"s2\"><span class=\"bumpedFont15\">n (integraci<\/span><\/span><span class=\"s2\"><span class=\"bumpedFont15\">\u00f3<\/span><\/span><span class=\"s2\"><span class=\"bumpedFont15\">n de los OIC en el estado; informaci<\/span><\/span><span class=\"s2\"><span class=\"bumpedFont15\">\u00f3<\/span><\/span><span class=\"s2\"><span class=\"bumpedFont15\">n sobre la trazabilidad de la denuncia-sanci<\/span><\/span><span class=\"s2\"><span class=\"bumpedFont15\">\u00f3<\/span><\/span><span class=\"s2\"><span class=\"bumpedFont15\">n en los procedimientos de responsabilidad administrativa), con la finalidad de identificar patrones o tendencias de manera gr<\/span><\/span><span class=\"s2\"><span class=\"bumpedFont15\">\u00e1<\/span><\/span><span class=\"s2\"><span class=\"bumpedFont15\">fica sobre la estructura con la que debe integrarse un OIC para cumplir eficaz y eficientemente sus funciones.<\/span><\/span><\/p>\n<p class=\"s4\"><span class=\"s2\"><span class=\"bumpedFont15\">3.<\/span><\/span>\u200b<span class=\"s2\"><span class=\"bumpedFont15\">La Gu<\/span><\/span><span class=\"s2\"><span class=\"bumpedFont15\">\u00ed<\/span><\/span><span class=\"s2\"><span class=\"bumpedFont15\">a de Actuaci<\/span><\/span><span class=\"s2\"><span class=\"bumpedFont15\">\u00f3<\/span><\/span><span class=\"s2\"><span class=\"bumpedFont15\">n <\/span><\/span><span class=\"s5\"><span class=\"bumpedFont15\">\u201c<\/span><\/span><span class=\"s2\"><span class=\"bumpedFont15\">el ABC para los <\/span><\/span><span class=\"s2\"><span class=\"bumpedFont15\">\u00f3<\/span><\/span><span class=\"s2\"><span class=\"bumpedFont15\">rganos Internos de Control del Estado de Zacatecas<\/span><\/span><span class=\"s2\"><span class=\"bumpedFont15\">\u201d<\/span><\/span><span class=\"s2\"><span class=\"bumpedFont15\">, cuyo objetivo ser<\/span><\/span><span class=\"s2\"><span class=\"bumpedFont15\">\u00e1 <\/span><\/span><span class=\"s2\"><span class=\"bumpedFont15\">proporcionar una orientaci<\/span><\/span><span class=\"s2\"><span class=\"bumpedFont15\">\u00f3<\/span><\/span><span class=\"s2\"><span class=\"bumpedFont15\">n clara y accesible sobre el rol, las funciones y la importancia de los <\/span><\/span><span class=\"s2\"><span class=\"bumpedFont15\">\u00d3<\/span><\/span><span class=\"s2\"><span class=\"bumpedFont15\">rganos Internos de Control (OIC) en la lucha contra la corrupci<\/span><\/span><span class=\"s2\"><span class=\"bumpedFont15\">\u00f3<\/span><\/span><span class=\"s2\"><span class=\"bumpedFont15\">n a fin de que encuentren, en un mismo documento, el conocimiento elemental y los alcances que tiene esta importante Autoridad.<\/span><\/span><\/p>\n<p class=\"s4\"><span class=\"s2\"><span class=\"bumpedFont15\">4.<\/span><\/span>\u200b<span class=\"s2\"><span class=\"bumpedFont15\">El mecanismo de difusi<\/span><\/span><span class=\"s2\"><span class=\"bumpedFont15\">\u00f3<\/span><\/span><span class=\"s2\"><span class=\"bumpedFont15\">n del Sistema Estatal Anticorrupci<\/span><\/span><span class=\"s2\"><span class=\"bumpedFont15\">\u00f3<\/span><\/span><span class=\"s2\"><span class=\"bumpedFont15\">n dirigido al sector privado (prioridad 36), siendo este una propuesta de difusi<\/span><\/span><span class=\"s2\"><span class=\"bumpedFont15\">\u00f3<\/span><\/span><span class=\"s2\"><span class=\"bumpedFont15\">n para dar a conocer la estructura, funcionamiento y atribuciones del Sistema Estatal Anticorrupci<\/span><\/span><span class=\"s2\"><span class=\"bumpedFont15\">\u00f3<\/span><\/span><span class=\"s2\"><span class=\"bumpedFont15\">n de Zacatecas, as<\/span><\/span><span class=\"s2\"><span class=\"bumpedFont15\">\u00ed <\/span><\/span><span class=\"s2\"><span class=\"bumpedFont15\">como la Pol<\/span><\/span><span class=\"s2\"><span class=\"bumpedFont15\">\u00ed<\/span><\/span><span class=\"s2\"><span class=\"bumpedFont15\">tica Estatal Anticorrupci<\/span><\/span><span class=\"s2\"><span class=\"bumpedFont15\">\u00f3<\/span><\/span><span class=\"s2\"><span class=\"bumpedFont15\">n, su programa de implementaci<\/span><\/span><span class=\"s2\"><span class=\"bumpedFont15\">\u00f3<\/span><\/span><span class=\"s2\"><span class=\"bumpedFont15\">n y la Pol<\/span><\/span><span class=\"s2\"><span class=\"bumpedFont15\">\u00ed<\/span><\/span><span class=\"s2\"><span class=\"bumpedFont15\">tica de Integridad Empresarial, enfocada al sector privado.<\/span><\/span><\/p>\n<p class=\"s4\"><span class=\"s2\"><span class=\"bumpedFont15\">5.<\/span><\/span>\u200b<span class=\"s2\"><span class=\"bumpedFont15\">Plan Anual de Trabajo del Comit<\/span><\/span><span class=\"s2\"><span class=\"bumpedFont15\">\u00e9 <\/span><\/span><span class=\"s2\"><span class=\"bumpedFont15\">Coordinador 2025, en el que se buscar<\/span><\/span><span class=\"s2\"><span class=\"bumpedFont15\">\u00e1 <\/span><\/span><span class=\"s2\"><span class=\"bumpedFont15\">generar mecanismos, principios y procedimientos enfocados a impulsar la coordinaci<\/span><\/span><span class=\"s2\"><span class=\"bumpedFont15\">\u00f3<\/span><\/span><span class=\"s2\"><span class=\"bumpedFont15\">n institucional del SEA dirigido a combatir la impunidad y arbitrariedad.<\/span><\/span><\/p>\n<p class=\"s4\">\n<p class=\"s4\"><span class=\"s2\"><span class=\"bumpedFont15\">Por otro lado, en sesi<\/span><\/span><span class=\"s2\"><span class=\"bumpedFont15\">\u00f3<\/span><\/span><span class=\"s2\"><span class=\"bumpedFont15\">n de <\/span><\/span><span class=\"s2\"><span class=\"bumpedFont15\">\u00d3<\/span><\/span><span class=\"s2\"><span class=\"bumpedFont15\">rgano de Gobierno, se trataron temas administrativos relevantes para el a<\/span><\/span><span class=\"s2\"><span class=\"bumpedFont15\">\u00f1<\/span><\/span><span class=\"s2\"><span class=\"bumpedFont15\">o 2025.<\/span><\/span><\/p>\n<p class=\"s4\">\n<p class=\"s4\"><span class=\"s2\"><span class=\"bumpedFont15\">Con este nombramiento, Karina Garc<\/span><\/span><span class=\"s2\"><span class=\"bumpedFont15\">\u00ed<\/span><\/span><span class=\"s2\"><span class=\"bumpedFont15\">a de la Torre asume el liderazgo del sistema con el reto de consolidar estrategias efectivas que refuercen la confianza ciudadana y fortalezcan la cultura de la legalidad en Zacatecas.<\/span><\/span><\/p>\n<p class=\"s4\">\n<p class=\"s4\"><span class=\"s2\"><span class=\"bumpedFont15\">Les deseamos mucho <\/span><\/span><span class=\"s2\"><span class=\"bumpedFont15\">\u00e9<\/span><\/span><span class=\"s2\"><span class=\"bumpedFont15\">xito a Karina Garc<\/span><\/span><span class=\"s2\"><span class=\"bumpedFont15\">\u00ed<\/span><\/span><span class=\"s2\"><span class=\"bumpedFont15\">a de la Torre en su nueva etapa al frente del Sistema Estatal Anticorrupci<\/span><\/span><span class=\"s2\"><span class=\"bumpedFont15\">\u00f3<\/span><\/span><span class=\"s2\"><span class=\"bumpedFont15\">n de Zacatecas. Su liderazgo ser<\/span><\/span><span class=\"s2\"><span class=\"bumpedFont15\">\u00e1 <\/span><\/span><span class=\"s2\"><span class=\"bumpedFont15\">clave para fortalecer la transparencia, la rendici<\/span><\/span><span class=\"s2\"><span class=\"bumpedFont15\">\u00f3<\/span><\/span><span class=\"s2\"><span class=\"bumpedFont15\">n de cuentas y continuar con la lucha contra la corrupci<\/span><\/span><span class=\"s2\"><span class=\"bumpedFont15\">\u00f3<\/span><\/span><span class=\"s2\"><span class=\"bumpedFont15\">n en beneficio de todos los zacatecanos. Que este nuevo reto sea una oportunidad para consolidar una gesti<\/span><\/span><span class=\"s2\"><span class=\"bumpedFont15\">\u00f3<\/span><\/span><span class=\"s2\"><span class=\"bumpedFont15\">n <\/span><\/span><span class=\"s2\"><span class=\"bumpedFont15\">\u00ed<\/span><\/span><span class=\"s2\"><span class=\"bumpedFont15\">ntegra, colaborativa y comprometida con la legalidad y la confianza ciudadana. <\/span><\/span><span class=\"s2\"><span class=\"bumpedFont15\">\u00a1<\/span><\/span><span class=\"s2\"><span class=\"bumpedFont15\">Mucho <\/span><\/span><span class=\"s2\"><span class=\"bumpedFont15\">\u00e9<\/span><\/span><span class=\"s2\"><span class=\"bumpedFont15\">xito en este importante camino!<\/span><\/span><\/p>\n","protected":false},"excerpt":{"rendered":"<p>Zacatecas, 11 de febrero de 2025.- Durante la primera sesi\u00f3n ordinaria del Comit\u00e9 Coordinador y \u00d3rgano de Gobierno 2025, la arquitecta Karina Garc\u00eda de la Torre<span class=\"excerpt-hellip\"> [\u2026]<\/span><\/p>\n","protected":false},"author":2,"featured_media":5520,"comment_status":"open","ping_status":"open","sticky":false,"template":"","format":"standard","meta":{"footnotes":""},"categories":[8],"tags":[],"class_list":["post-5519","post","type-post","status-publish","format-standard","has-post-thumbnail","hentry","category-politica"],"_links":{"self":[{"href":"https:\/\/sientetupasion.com\/index.php\/wp-json\/wp\/v2\/posts\/5519","targetHints":{"allow":["GET"]}}],"collection":[{"href":"https:\/\/sientetupasion.com\/index.php\/wp-json\/wp\/v2\/posts"}],"about":[{"href":"https:\/\/sientetupasion.com\/index.php\/wp-json\/wp\/v2\/types\/post"}],"author":[{"embeddable":true,"href":"https:\/\/sientetupasion.com\/index.php\/wp-json\/wp\/v2\/users\/2"}],"replies":[{"embeddable":true,"href":"https:\/\/sientetupasion.com\/index.php\/wp-json\/wp\/v2\/comments?post=5519"}],"version-history":[{"count":1,"href":"https:\/\/sientetupasion.com\/index.php\/wp-json\/wp\/v2\/posts\/5519\/revisions"}],"predecessor-version":[{"id":5521,"href":"https:\/\/sientetupasion.com\/index.php\/wp-json\/wp\/v2\/posts\/5519\/revisions\/5521"}],"wp:featuredmedia":[{"embeddable":true,"href":"https:\/\/sientetupasion.com\/index.php\/wp-json\/wp\/v2\/media\/5520"}],"wp:attachment":[{"href":"https:\/\/sientetupasion.com\/index.php\/wp-json\/wp\/v2\/media?parent=5519"}],"wp:term":[{"taxonomy":"category","embeddable":true,"href":"https:\/\/sientetupasion.com\/index.php\/wp-json\/wp\/v2\/categories?post=5519"},{"taxonomy":"post_tag","embeddable":true,"href":"https:\/\/sientetupasion.com\/index.php\/wp-json\/wp\/v2\/tags?post=5519"}],"curies":[{"name":"wp","href":"https:\/\/api.w.org\/{rel}","templated":true}]}}