{"id":5506,"date":"2025-02-11T20:22:49","date_gmt":"2025-02-11T20:22:49","guid":{"rendered":"https:\/\/sientetupasion.com\/?p=5506"},"modified":"2025-02-11T20:22:49","modified_gmt":"2025-02-11T20:22:49","slug":"reintegracion-a-la-economia-activa-de-los-migrantes","status":"publish","type":"post","link":"https:\/\/sientetupasion.com\/index.php\/2025\/02\/11\/reintegracion-a-la-economia-activa-de-los-migrantes\/","title":{"rendered":"Reintegraci\u00f3n a la econom\u00eda activa de los migrantes"},"content":{"rendered":"<p class=\"s7\">\n<p class=\"s6\">En voz de la diputada Dayanne Cruz Hern\u00e1ndez, el grupo parlamentario del PRI propuso reformar la Ley para la Atenci\u00f3n de los Zacatecanos Migrantes y sus Familias, a fin de establecer en el ordenamiento que los migrantes en retorno forzado, podr\u00e1n ser beneficiarios de un apoyo econ\u00f3mico para para su subsistencia y la de sus familias, por lo menos durante el primer trimestre desde su regreso, conforme a las disposiciones aplicables.<\/p>\n<p class=\"s6\">\n<p class=\"s6\">Esta propuesta busca facilitar su reintegraci\u00f3n a la econom\u00eda activa, proporcion\u00e1ndoles un respaldo financiero durante un per\u00edodo de tres meses, y tiene como prop\u00f3sito, mitigar el impacto econ\u00f3mico y social que se enfrentar\u00eda a causa de los migrantes repatriados que regresar\u00e1n al pa\u00eds, por lo que se propone ofrecerles un apoyo que garantice una estabilidad m\u00ednima mientras encuentran oportunidades de empleo o emprenden actividades productivas.<\/p>\n","protected":false},"excerpt":{"rendered":"<p>En voz de la diputada Dayanne Cruz Hern\u00e1ndez, el grupo parlamentario del PRI propuso reformar la Ley para la Atenci\u00f3n de los Zacatecanos Migrantes y sus<span class=\"excerpt-hellip\"> [\u2026]<\/span><\/p>\n","protected":false},"author":2,"featured_media":5507,"comment_status":"open","ping_status":"open","sticky":false,"template":"","format":"standard","meta":{"footnotes":""},"categories":[8],"tags":[],"class_list":["post-5506","post","type-post","status-publish","format-standard","has-post-thumbnail","hentry","category-politica"],"_links":{"self":[{"href":"https:\/\/sientetupasion.com\/index.php\/wp-json\/wp\/v2\/posts\/5506","targetHints":{"allow":["GET"]}}],"collection":[{"href":"https:\/\/sientetupasion.com\/index.php\/wp-json\/wp\/v2\/posts"}],"about":[{"href":"https:\/\/sientetupasion.com\/index.php\/wp-json\/wp\/v2\/types\/post"}],"author":[{"embeddable":true,"href":"https:\/\/sientetupasion.com\/index.php\/wp-json\/wp\/v2\/users\/2"}],"replies":[{"embeddable":true,"href":"https:\/\/sientetupasion.com\/index.php\/wp-json\/wp\/v2\/comments?post=5506"}],"version-history":[{"count":1,"href":"https:\/\/sientetupasion.com\/index.php\/wp-json\/wp\/v2\/posts\/5506\/revisions"}],"predecessor-version":[{"id":5508,"href":"https:\/\/sientetupasion.com\/index.php\/wp-json\/wp\/v2\/posts\/5506\/revisions\/5508"}],"wp:featuredmedia":[{"embeddable":true,"href":"https:\/\/sientetupasion.com\/index.php\/wp-json\/wp\/v2\/media\/5507"}],"wp:attachment":[{"href":"https:\/\/sientetupasion.com\/index.php\/wp-json\/wp\/v2\/media?parent=5506"}],"wp:term":[{"taxonomy":"category","embeddable":true,"href":"https:\/\/sientetupasion.com\/index.php\/wp-json\/wp\/v2\/categories?post=5506"},{"taxonomy":"post_tag","embeddable":true,"href":"https:\/\/sientetupasion.com\/index.php\/wp-json\/wp\/v2\/tags?post=5506"}],"curies":[{"name":"wp","href":"https:\/\/api.w.org\/{rel}","templated":true}]}}