{"id":5410,"date":"2025-02-10T16:14:18","date_gmt":"2025-02-10T16:14:18","guid":{"rendered":"https:\/\/sientetupasion.com\/?p=5410"},"modified":"2025-02-10T16:14:18","modified_gmt":"2025-02-10T16:14:18","slug":"perfilan-detalles-para-la-conferencia-mundial-de-mujeres-parlamentarias-en-mexico","status":"publish","type":"post","link":"https:\/\/sientetupasion.com\/index.php\/2025\/02\/10\/perfilan-detalles-para-la-conferencia-mundial-de-mujeres-parlamentarias-en-mexico\/","title":{"rendered":"Perfilan detalles para la Conferencia Mundial de Mujeres Parlamentarias en M\u00e9xico"},"content":{"rendered":"<p>Inconcebible que persistan pol\u00edticas p\u00fablicas discriminatorias, racistas y mis\u00f3ginas: Fern\u00e1ndez Noro\u00f1a.<\/p>\n<p>En el Senado de la Rep\u00fablica se presentaron los detalles sobre la Conferencia Mundial de Mujeres Parlamentarias de la Uni\u00f3n Interparlamentaria (UIP), que se llevar\u00e1 a cabo del 13 al 16 de marzo en la Ciudad de M\u00e9xico y en la que se prev\u00e9 la participaci\u00f3n de aproximadamente 300 participantes de todo el mundo.<\/p>\n<p>La reuni\u00f3n informativa fue encabezada por la senadora Cynthia L\u00f3pez Castro, presidenta del Foro de Mujeres Parlamentarias de la UIP, y asistieron representantes del cuerpo diplom\u00e1tico de 62 pa\u00edses, entre ellos, Alemania, Argentina, B\u00e9lgica, Brasil, Espa\u00f1a, Filipinas, Grecia, Hungr\u00eda, Jamaica, Palestina, Venezuela, Sud\u00e1frica, Suiza, Turqu\u00eda, Nueva Zelanda, Ir\u00e1n, Polonia, Reino Unido y Jap\u00f3n.<\/p>\n<p>El presidente de la Mesa Directiva del Senado, Gerardo Fern\u00e1ndez Noro\u00f1a, celebr\u00f3 que nuestro pa\u00eds sea la sede de la Conferencia Mundial de Mujeres Parlamentarias de la UIP, \u201cDe M\u00e9xico para el mundo: \u00a1Movilic\u00e9monos por la paridad de g\u00e9nero!\u201d, pues es necesario sumar esfuerzos para erradicar los flagelos que a\u00fan padecen.<\/p>\n<p>Es un reto para resolver que en pleno Siglo XXI contin\u00fae la \u201cdiscriminaci\u00f3n tan brutal hacia las mujeres; una violencia tan execrable, donde se les agrede, se les viola sexualmente y se les asesina por el simple hecho de ser mujeres\u201d.<\/p>\n<p>Mencion\u00f3 que el encuentro se llevar\u00e1 a cabo en la Ciudad de M\u00e9xico los d\u00edas 13, 14, 15 y 16 de marzo de 2025, con el respaldo de la presidenta Claudia Sheinbaum Pardo, quien plante\u00f3 que la inauguraci\u00f3n se realice en Palacio Nacional, por la relevancia del evento.<\/p>\n<p>El legislador llam\u00f3 a que quienes se dedican a la pol\u00edtica contribuyan a superar las \u201clacras\u201d que da\u00f1an a la humanidad. \u201cEs inconcebible que en pleno Siglo XXI haya quien piense que por su color de piel es superior y es todav\u00eda m\u00e1s grave que haya quienes tienen responsabilidades de gobierno y hagan de esas visiones racistas, de esas visiones clasistas, de esas visiones mis\u00f3ginas, pol\u00edticas p\u00fablicas\u201d.<\/p>\n<p>Indic\u00f3 que en la parte pol\u00edtica nos preciamos de que ya tenemos paridad en las c\u00e1maras de Senadores y de Diputados, pero a\u00fan falta mucho por hacer para lograr plena igualdad, erradicar todas las formas de violencia y de discriminaci\u00f3n en contra de ellas.<\/p>\n<p>Esta conferencia de mujeres parlamentarias -remarc\u00f3-, representa una aportaci\u00f3n en el debate y el intercambio de experiencias, para fortalecer no s\u00f3lo los marcos legales, sino los procesos sociales, culturales y de conciencia, a fin de lograr plena igualdad entre mujeres y hombres.<\/p>\n<p>Por su parte, la presidenta del Foro de Mujeres Parlamentarias de la UIP, la senadora Cynthia L\u00f3pez Castro, dio la bienvenida a parlamentarios y diplom\u00e1ticos presentes en el Senado de la Rep\u00fablica para revisar los pormenores del evento, del cual destac\u00f3 su relevancia en el mundo.<\/p>\n<p>La presidenta de la Comisi\u00f3n para la Igualdad de G\u00e9nero, Martha Luc\u00eda Micher Camarena, consider\u00f3 que esta reuni\u00f3n ser\u00e1 hist\u00f3rica, porque convocar\u00e1 a parlamentarias de diversos pa\u00edses con quienes M\u00e9xico compartir\u00e1 las reformas constitucionales y leyes secundarias  aprobadas por el  Congreso de nuestro pa\u00eds, para avanzar en materia de igualdad sustantiva, paridad de g\u00e9nero, as\u00ed como la participaci\u00f3n de ellas en los cargos de elecci\u00f3n y las propuestas de ley enviadas por la presidenta, Claudia Sheinbaum Pardo.<\/p>\n<p>Por su parte, el presidente de la Comisi\u00f3n de Relaciones Exteriores, el senador Alejandro Murat Hinojosa, mencion\u00f3 que este evento es el reflejo de que \u201cqueremos seguir compartiendo los pasos que M\u00e9xico ha dado en igualdad sustantiva\u201d, como es tener a la primera mujer presidenta y la reforma que tiene que ver con el empoderamiento pol\u00edtico de ellas al integrar el lenguaje inclusivo en la Constituci\u00f3n.<\/p>\n","protected":false},"excerpt":{"rendered":"<p>Inconcebible que persistan pol\u00edticas p\u00fablicas discriminatorias, racistas y mis\u00f3ginas: Fern\u00e1ndez Noro\u00f1a. En el Senado de la Rep\u00fablica se presentaron los detalles sobre la Conferencia Mundial de<span class=\"excerpt-hellip\"> [\u2026]<\/span><\/p>\n","protected":false},"author":2,"featured_media":5411,"comment_status":"open","ping_status":"open","sticky":false,"template":"","format":"standard","meta":{"footnotes":""},"categories":[8],"tags":[],"class_list":["post-5410","post","type-post","status-publish","format-standard","has-post-thumbnail","hentry","category-politica"],"_links":{"self":[{"href":"https:\/\/sientetupasion.com\/index.php\/wp-json\/wp\/v2\/posts\/5410","targetHints":{"allow":["GET"]}}],"collection":[{"href":"https:\/\/sientetupasion.com\/index.php\/wp-json\/wp\/v2\/posts"}],"about":[{"href":"https:\/\/sientetupasion.com\/index.php\/wp-json\/wp\/v2\/types\/post"}],"author":[{"embeddable":true,"href":"https:\/\/sientetupasion.com\/index.php\/wp-json\/wp\/v2\/users\/2"}],"replies":[{"embeddable":true,"href":"https:\/\/sientetupasion.com\/index.php\/wp-json\/wp\/v2\/comments?post=5410"}],"version-history":[{"count":1,"href":"https:\/\/sientetupasion.com\/index.php\/wp-json\/wp\/v2\/posts\/5410\/revisions"}],"predecessor-version":[{"id":5412,"href":"https:\/\/sientetupasion.com\/index.php\/wp-json\/wp\/v2\/posts\/5410\/revisions\/5412"}],"wp:featuredmedia":[{"embeddable":true,"href":"https:\/\/sientetupasion.com\/index.php\/wp-json\/wp\/v2\/media\/5411"}],"wp:attachment":[{"href":"https:\/\/sientetupasion.com\/index.php\/wp-json\/wp\/v2\/media?parent=5410"}],"wp:term":[{"taxonomy":"category","embeddable":true,"href":"https:\/\/sientetupasion.com\/index.php\/wp-json\/wp\/v2\/categories?post=5410"},{"taxonomy":"post_tag","embeddable":true,"href":"https:\/\/sientetupasion.com\/index.php\/wp-json\/wp\/v2\/tags?post=5410"}],"curies":[{"name":"wp","href":"https:\/\/api.w.org\/{rel}","templated":true}]}}