{"id":5288,"date":"2025-02-08T14:59:25","date_gmt":"2025-02-08T14:59:25","guid":{"rendered":"https:\/\/sientetupasion.com\/?p=5288"},"modified":"2025-02-08T14:59:25","modified_gmt":"2025-02-08T14:59:25","slug":"inician-primeras-charlas-de-dialogos-en-movimiento-sobre-temas-migratorios","status":"publish","type":"post","link":"https:\/\/sientetupasion.com\/index.php\/2025\/02\/08\/inician-primeras-charlas-de-dialogos-en-movimiento-sobre-temas-migratorios\/","title":{"rendered":"Inician primeras charlas de Di\u00e1logos en Movimiento sobre temas migratorios"},"content":{"rendered":"<p class=\"s3\">\n<p class=\"s6\">\n<div class=\"s8\"><span class=\"s7\">\u25cf <\/span><span class=\"s5\"><span class=\"bumpedFont15\">Ricardo Pi\u00f1a Arellano, coordinador de Movimiento Ciudadano en Guadalupe, inform\u00f3 que en esta ocasi\u00f3n las charlas atienden a la crisis migratoria, y que seguir\u00e1n a lo largo de 2025 para tratar diversos temas sociales.<\/span><\/span><\/div>\n<div class=\"s8\"><span class=\"s7\">\u25cf <\/span><span class=\"s5\"><span class=\"bumpedFont15\">El Dr. Rodolfo Garc\u00eda Zamora, ponente invitado, destac\u00f3 que falta una estrategia para recibir a los migrantes zacatecanos en caso de que ocurran deportaciones masivas y consider\u00f3 necesario la elaboraci\u00f3n de un plan integral para atender la situaci\u00f3n a nivel federal y estatal.<\/span><\/span><\/div>\n<p class=\"s6\">\n<p class=\"s6\"><span class=\"s5\"><span class=\"bumpedFont15\">Guadalupe, Zac., 6 de febrero de 2025- Los Di\u00e1logos en Movimiento regresaron este 2025 con charlas que buscan dar respuesta a las problem\u00e1ticas relacionadas con la crisis migratoria derivada de las pol\u00edticas antimigrantes de Donald Trump.<\/span><\/span><\/p>\n<p class=\"s6\"><span class=\"s5\"><span class=\"bumpedFont15\">Ricardo Pi\u00f1a Arellano, coordinador de Movimiento Ciudadano en Guadalupe, destac\u00f3 la importancia de entablar un di\u00e1logo entre la sociedad, la academia, y los partidos pol\u00edticos, para resolver los problemas que nos afectan como ciudadanos.<\/span><\/span><\/p>\n<p class=\"s6\"><span class=\"s5\"><span class=\"bumpedFont15\">\u201cEn Di\u00e1logos en Movimiento tenemos la intenci\u00f3n de ser un puente para entender lo que nos pasa, y en este momento nos interesa conocer qu\u00e9 alternativas tenemos ante los efectos que puede tener la llegada masiva de migrantes y la imposici\u00f3n de aranceles a los productos mexicanos\u201d, detall\u00f3.<\/span><\/span><\/p>\n<p class=\"s6\"><span class=\"s5\"><span class=\"bumpedFont15\">Este jueves tuvo lugar la ponencia \u201cM\u00e9xico frente a las deportaciones masivas de migrantes\u201d, impartida por el Dr. Rodolfo Garc\u00eda Zamora, a quien se le agradeci\u00f3 que haya aceptado acudir como ponente invitado.<\/span><\/span><\/p>\n<p class=\"s6\"><span class=\"s5\"><span class=\"bumpedFont15\">El investigador expuso que las pol\u00edticas implementadas por el gobierno norteamericano pueden afectar mucho a los retos que supone mejorar la econom\u00eda mexicana, en un entorno que ya es complejo a\u00fan sin la oleada migratoria.<\/span><\/span><\/p>\n<p class=\"s6\"><span class=\"s5\"><span class=\"bumpedFont15\">Agreg\u00f3 que si se cumplen las amenazas de Donald Trump, es importante lanzar un programa integral que d\u00e9 empleo y servicios sociales dignos al mill\u00f3n y medio de personas que pudieran regresar a M\u00e9xico, en donde participe el gobierno federal y estatal, as\u00ed como el Congreso del Estado.<\/span><\/span><\/p>\n<p class=\"s6\"><span class=\"s5\"><span class=\"bumpedFont15\">Por su parte, Pi\u00f1a Arellano coincidi\u00f3 con el diagn\u00f3stico del investigador y en que se necesitan construir pol\u00edticas p\u00fablicas frente a una posible ola masiva de paisanos. A\u00f1adi\u00f3 que las ponencias estar\u00e1n disponibles en la p\u00e1gina de facebook \u201cMovimiento Ciudadano Guadalupe, Zac\u201d.<\/span><\/span><\/p>\n<p class=\"s6\"><span class=\"s5\"><span class=\"bumpedFont15\">Tambi\u00e9n agradeci\u00f3 a la Coordinaci\u00f3n Operativa Estatal de MC el apoyo para poder realizar las primeras charlas de los Di\u00e1logos en Movimiento y record\u00f3 que en las pr\u00f3ximas dos semanas se realizar\u00e1n dos ponencias m\u00e1s. <\/span><\/span><\/p>\n<p class=\"s9\"><span class=\"s5\"><span class=\"bumpedFont15\">El pr\u00f3ximo invitado ser\u00e1 el Dr. Miguel Moctezuma Longoria, con la ponencia \u00bfQu\u00e9 hacer frente a las posturas de Donald Trump?, que se realizar\u00e1 el pr\u00f3ximo martes 11 de febrero de 2025, a las 5:00 p.m. en Casa Naranja o v\u00eda Facebook Live.<\/span><\/span><\/p>\n","protected":false},"excerpt":{"rendered":"<p>\u25cf Ricardo Pi\u00f1a Arellano, coordinador de Movimiento Ciudadano en Guadalupe, inform\u00f3 que en esta ocasi\u00f3n las charlas atienden a la crisis migratoria, y que seguir\u00e1n a<span class=\"excerpt-hellip\"> [\u2026]<\/span><\/p>\n","protected":false},"author":2,"featured_media":5289,"comment_status":"open","ping_status":"open","sticky":false,"template":"","format":"standard","meta":{"footnotes":""},"categories":[8],"tags":[],"class_list":["post-5288","post","type-post","status-publish","format-standard","has-post-thumbnail","hentry","category-politica"],"_links":{"self":[{"href":"https:\/\/sientetupasion.com\/index.php\/wp-json\/wp\/v2\/posts\/5288","targetHints":{"allow":["GET"]}}],"collection":[{"href":"https:\/\/sientetupasion.com\/index.php\/wp-json\/wp\/v2\/posts"}],"about":[{"href":"https:\/\/sientetupasion.com\/index.php\/wp-json\/wp\/v2\/types\/post"}],"author":[{"embeddable":true,"href":"https:\/\/sientetupasion.com\/index.php\/wp-json\/wp\/v2\/users\/2"}],"replies":[{"embeddable":true,"href":"https:\/\/sientetupasion.com\/index.php\/wp-json\/wp\/v2\/comments?post=5288"}],"version-history":[{"count":1,"href":"https:\/\/sientetupasion.com\/index.php\/wp-json\/wp\/v2\/posts\/5288\/revisions"}],"predecessor-version":[{"id":5290,"href":"https:\/\/sientetupasion.com\/index.php\/wp-json\/wp\/v2\/posts\/5288\/revisions\/5290"}],"wp:featuredmedia":[{"embeddable":true,"href":"https:\/\/sientetupasion.com\/index.php\/wp-json\/wp\/v2\/media\/5289"}],"wp:attachment":[{"href":"https:\/\/sientetupasion.com\/index.php\/wp-json\/wp\/v2\/media?parent=5288"}],"wp:term":[{"taxonomy":"category","embeddable":true,"href":"https:\/\/sientetupasion.com\/index.php\/wp-json\/wp\/v2\/categories?post=5288"},{"taxonomy":"post_tag","embeddable":true,"href":"https:\/\/sientetupasion.com\/index.php\/wp-json\/wp\/v2\/tags?post=5288"}],"curies":[{"name":"wp","href":"https:\/\/api.w.org\/{rel}","templated":true}]}}