{"id":5150,"date":"2025-02-06T23:02:44","date_gmt":"2025-02-06T23:02:44","guid":{"rendered":"https:\/\/sientetupasion.com\/?p=5150"},"modified":"2025-02-06T23:02:44","modified_gmt":"2025-02-06T23:02:44","slug":"mensaje-del-presidente-nacional-del-pan-jorge-romero-herrera-durante-la-reunion-con-las-y-los-presidentes-estatales-del-accion-nacional-en-morelos","status":"publish","type":"post","link":"https:\/\/sientetupasion.com\/index.php\/2025\/02\/06\/mensaje-del-presidente-nacional-del-pan-jorge-romero-herrera-durante-la-reunion-con-las-y-los-presidentes-estatales-del-accion-nacional-en-morelos\/","title":{"rendered":"Mensaje del presidente nacional del PAN, Jorge Romero Herrera, durante la reuni\u00f3n con las y los presidentes estatales del Acci\u00f3n Nacional en Morelos."},"content":{"rendered":"<p class=\"s4\">\n<p class=\"s4\">\n<p class=\"s4\"><span class=\"s5\"><span class=\"bumpedFont15\">Jorge Romero Herrera (JRH): <\/span><\/span><\/p>\n<p class=\"s4\"><span class=\"s7\"><span class=\"bumpedFont15\">Muchas gracias, querido <\/span><\/span><span class=\"s7\"><span class=\"bumpedFont15\">p<\/span><\/span><span class=\"s7\"><span class=\"bumpedFont15\">residente. Bueno, pues<\/span><\/span><span class=\"s7\"><span class=\"bumpedFont15\">, <\/span><\/span><span class=\"s7\"><span class=\"bumpedFont15\">antes que nada, muy buenos d\u00edas, hermanas<\/span><\/span><span class=\"s7\"><span class=\"bumpedFont15\">, h<\/span><\/span><span class=\"s7\"><span class=\"bumpedFont15\">ermanos<\/span><\/span><span class=\"s7\"><span class=\"bumpedFont15\">, y<\/span><\/span><span class=\"s7\"><span class=\"bumpedFont15\">o siempre empiezo agradeci\u00e9ndole mucho a ustedes, compa\u00f1eras, compa\u00f1eros que representan a sus distintos medios de comunicaci\u00f3n por la gentileza de su tiempo, por la atenci\u00f3n de estar con nosotras y con nosotros aqu\u00ed<\/span><\/span><span class=\"s7\"><span class=\"bumpedFont15\">, <\/span><\/span><span class=\"s7\"><span class=\"bumpedFont15\">para ayudarnos a reverberar lo que nosotros creemos que son mensajes muy importantes, por supuesto, para esta gran tierra Cuernavaca, en Morelos y para todo el pa\u00eds.<\/span><\/span><\/p>\n<p class=\"s4\"><span class=\"s7\"><span class=\"bumpedFont15\">Por supuesto<\/span><\/span><span class=\"s7\"><span class=\"bumpedFont15\">, <\/span><\/span><span class=\"s7\"><span class=\"bumpedFont15\">yo empiezo agradeci\u00e9ndole a quienes son nuestros anfitriones, a quien me antecedi\u00f3 en<\/span><\/span><span class=\"s7\"><span class=\"bumpedFont15\"> la v<\/span><\/span><span class=\"s7\"><span class=\"bumpedFont15\">oz, a nuestro <\/span><\/span><span class=\"s7\"><span class=\"bumpedFont15\">p<\/span><\/span><span class=\"s7\"><span class=\"bumpedFont15\">residente del PAN en Morelos, Don Daniel Mart\u00ednez Terrazas,<\/span><\/span><span class=\"s7\"><span class=\"bumpedFont15\"> que<\/span><\/span><span class=\"s7\"><span class=\"bumpedFont15\"> es un gran presidente que junto con muchas y muchos de los que est\u00e1n aqu\u00ed que ahora mencionar\u00e9, est\u00e1 empezando pr\u00e1cticamente su encargo en una nueva etapa, en una nueva era de Acci\u00f3n Nacional aqu\u00ed en Morelos, por supuesto, a quien tambi\u00e9n es nuestro anfitri\u00f3n y es nuestro Secretario de Fortalecimiento Interno, <\/span><\/span><span class=\"s7\"><span class=\"bumpedFont15\">D<\/span><\/span><span class=\"s7\"><span class=\"bumpedFont15\">on Juan Carlos Mart\u00ednez Terrazas.<\/span><\/span> <span class=\"s7\"><span class=\"bumpedFont15\">Gracias por su recibimiento.<\/span><\/span><\/p>\n<p class=\"s4\"><span class=\"s7\"><span class=\"bumpedFont15\">Estamos acompa\u00f1ados de quienes titulan las secretar\u00edas en este nuevo Comit\u00e9 Ejecutivo Nacional, pero sobre todo la esencia misma de estar el d\u00eda de hoy aqu\u00ed, como bien dec\u00eda nuestro presidente anfitri\u00f3n en Cuernavaca, en una tierra en una gran ciudad gobernada por el PAN, bien gobernada por el <\/span><\/span><span class=\"s7\"><span class=\"bumpedFont15\">PAN<\/span><\/span><span class=\"s7\"><span class=\"bumpedFont15\">, donde refrend\u00f3 el <\/span><\/span><span class=\"s7\"><span class=\"bumpedFont15\">PAN<\/span><\/span><span class=\"s7\"><span class=\"bumpedFont15\"> en su triunfo<\/span><\/span><span class=\"s7\"><span class=\"bumpedFont15\">,<\/span><\/span><span class=\"s7\"><span class=\"bumpedFont15\"> nos encontramos las 32, los 32 presidentas y presidentes estatales del Partido Acci\u00f3n Nacional desde Aguascalientes hasta Zacatecas, alfab\u00e9ticamente, desde Baja California hasta Yucat\u00e1n<\/span><\/span><span class=\"s7\"><span class=\"bumpedFont15\"> g<\/span><\/span><span class=\"s7\"><span class=\"bumpedFont15\">eogr\u00e1fica<\/span><\/span><span class=\"s7\"><span class=\"bumpedFont15\">mente<\/span><\/span><span class=\"s7\"><span class=\"bumpedFont15\">.<\/span><\/span><\/p>\n<p class=\"s4\"><span class=\"s7\"><span class=\"bumpedFont15\">Todas las mujeres y los hombres que entendemos el reto que tenemos a nivel nacional y en cada entidad como la oposici\u00f3n en este pa\u00eds. As\u00ed, para dejarlo clarito, porque Acci\u00f3n Nacional y con todo nuestro respeto para las dem\u00e1s <\/span><\/span><span class=\"s7\"><span class=\"bumpedFont15\">fuerzas pol\u00edticas, viene de y se seguir\u00e1 constituyendo como la oposici\u00f3n en este pa\u00eds. Y hoy a lo que venimos y se los queremos compartir, entre otros temas, esa ponernos de acuerdo, aprovechar esta nueva etapa, esta nueva era en Acci\u00f3n Nacional para encontrar qu\u00e9 es lo que tenemos que hacer con toda nuestra convicci\u00f3n para la esencia misma de nuestra existencia como partido<\/span><\/span> <span class=\"s7\"><span class=\"bumpedFont15\">que es<\/span><\/span><span class=\"s7\"><span class=\"bumpedFont15\">,<\/span><\/span><span class=\"s7\"><span class=\"bumpedFont15\"> ayudarle a las familias mexicanas<\/span><\/span><span class=\"s7\"><span class=\"bumpedFont15\">, n<\/span><\/span><span class=\"s7\"><span class=\"bumpedFont15\">o hay nada que nos importe m\u00e1s. <\/span><\/span><\/p>\n<p class=\"s4\"><span class=\"s7\"><span class=\"bumpedFont15\">Nuestra raz\u00f3n de ser no es ver c\u00f3mo criticamos un gobierno, esa no es nuestra raz\u00f3n de ser. La raz\u00f3n de ser de Acci\u00f3n Nacional es ver c\u00f3mo te ayudamos a ti y a tus seres queridos<\/span><\/span><span class=\"s7\"><span class=\"bumpedFont15\">y<\/span><\/span><span class=\"s7\"><span class=\"bumpedFont15\"> a eso nos vamos a votar desde nuestro<\/span><\/span><span class=\"s7\"><span class=\"bumpedFont15\">s <\/span><\/span><span class=\"s7\"><span class=\"bumpedFont15\">gobiernos estatales, desde nuestros gobiernos municipales, desde nuestras <\/span><\/span><span class=\"s7\"><span class=\"bumpedFont15\">C<\/span><\/span><span class=\"s7\"><span class=\"bumpedFont15\">\u00e1maras federales, locales y por supuesto, desde los <\/span><\/span><span class=\"s7\"><span class=\"bumpedFont15\">Co<\/span><\/span><span class=\"s7\"><span class=\"bumpedFont15\">mit\u00e9s <\/span><\/span><span class=\"s7\"><span class=\"bumpedFont15\">D<\/span><\/span><span class=\"s7\"><span class=\"bumpedFont15\">irectivos de Acci\u00f3n Nacional.<\/span><\/span><\/p>\n<p class=\"s4\"><span class=\"s7\"><span class=\"bumpedFont15\">Y cobra mucha relevancia, insisto, esta rueda que es en el marco de una reuni\u00f3n que tendremos todo el d\u00eda de hoy y el d\u00eda de ma\u00f1ana, pues pr\u00e1cticamente todo el <\/span><\/span><span class=\"s7\"><span class=\"bumpedFont15\">S<\/span><\/span><span class=\"s7\"><span class=\"bumpedFont15\">istema PAN que acabo de referir, nos habremos de escuchar cu\u00e1les son los temas importantes por regi\u00f3n, por entidad, que todas y todos nos escuchemos a los dem\u00e1s e integrar en una sola visi\u00f3n nacional, porque viene esa etapa, de un trabajo nacional que sume los esfuerzos locales y por qu\u00e9 esto me hace ir al siguiente tema, no habr\u00e1 una visi\u00f3n m\u00e1s estrat\u00e9gica para Acci\u00f3n Nacional que entender que nuestro desarrollo y nuestro avance habr\u00e1 de surgir desde lo local, por supuesto que haremos nuestro trabajo a nivel nacional<\/span><\/span><span class=\"s7\"><span class=\"bumpedFont15\">.<\/span><\/span><\/p>\n<p class=\"s4\"><span class=\"s7\"><span class=\"bumpedFont15\">P<\/span><\/span><span class=\"s7\"><span class=\"bumpedFont15\">ero hist\u00f3ricamente el logro y el avance del PAN a nivel nacional fue la suma de sus avances a nivel estatal y exactamente esa misma l\u00f3gica vamos a regresar con una dirigencia nacional que empoderen las agendas locales, ah\u00ed va a estar la dirigencia nacional y nosotros queremos aprovechar para decirles un par de temas, miren, dos temas que agradeci\u00e9ndoles su atenci\u00f3n, queridos medios de comunicaci\u00f3n, son dos temas que el PAN no va a soltar y vemos con much\u00edsimo gusto el avance que estos temas est\u00e1n teniendo, para los que digan que la oposici\u00f3n solo habla, a ver, pues d\u00e9jenme platicarles esto. <\/span><\/span><\/p>\n<p class=\"s4\"><span class=\"s7\"><span class=\"bumpedFont15\">El primer tema como lo dijimos, es ayudarle a la econom\u00eda de las personas y si en algo se le puede ayudar es en disminuir el precio de la gasolina, no nos vamos a aburrir del tema, Acci\u00f3n Nacional no va a estar brincando y brincando entre temas, vamos a insistir en nuestros temas y el primer tema es exigirle a este gobierno que haya gasolina barata, porque no existe y nosotros no s\u00e9 si lo vieron, hicimos mucha voz en todo el pa\u00eds para esta exigencia y hoy nos damos cuenta con much\u00edsimo gusto, como hoy anuncia el gobierno federal, qu\u00e9 bueno <\/span><\/span><\/p>\n<p class=\"s4\"><span class=\"s7\"><span class=\"bumpedFont15\">Y el primer tema es exigirle a este gobierno que haya gasolina barata, porque no existe y, nosotros, no s\u00e9 si lo vieron, hicimos mucha voz en todo el pa\u00eds para esta exigencia y hoy nos damos cuenta, con much\u00edsimo gusto, c\u00f3mo hoy anuncia el gobierno federal. Qu\u00e9 bueno, pues esto no lo criticamos, esto lo pedimos.<\/span><\/span><\/p>\n<p class=\"s4\"><span class=\"s7\"><span class=\"bumpedFont15\">Hoy anuncia el gobierno Federal que ya est\u00e1n, desde sus an\u00e1lisis de Hacienda y de Econom\u00eda, ver c\u00f3mo van a fijar un precio m\u00e1ximo para la gasolina. <\/span><\/span><\/p>\n<p class=\"s4\"><span class=\"s7\"><span class=\"bumpedFont15\">Y lo decimos desde aqu\u00ed, desde Cuernavaca, esa fue la exigencia ciudadana que encabez\u00f3 Acci\u00f3n Nacional. As\u00ed es que, si, s\u00ed se decide el gobierno y, no nada m\u00e1s lo ofrece, sino que lo cumple, es un triunfo para la gente, <\/span><\/span><span class=\"s7\"><span class=\"bumpedFont15\">a<\/span><\/span><span class=\"s7\"><span class=\"bumpedFont15\">s\u00ed de simple<\/span><\/span><span class=\"s7\"><span class=\"bumpedFont15\">y <\/span><\/span><span class=\"s7\"><span class=\"bumpedFont15\">as\u00ed vamos a seguir en Acci\u00f3n Nacional, empujando cosas que beneficien a las familias. <\/span><\/span><\/p>\n<p class=\"s4\"><span class=\"s7\"><span class=\"bumpedFont15\">Y, segundo, queremos aprovechar tambi\u00e9n el d\u00eda de hoy para decirles otro gran tema. Nosotros estamos conscientes de que la pr\u00f3xima semana se va a votar, quiz\u00e1 ya, en definitiva, una reforma a la Ley del Infonavit, que es otra gran lucha que est\u00e1 dando Acci\u00f3n Nacional, para decirle a toda la gente que nos escuche o nos vea o nos lea.<\/span><\/span><\/p>\n<p class=\"s4\"><span class=\"s7\"><span class=\"bumpedFont15\">Todos los que trabajan en este pa\u00eds, hombres o mujeres, pagan un cachito de su sueldo, todos los meses, al Infonavit y al IMSS. Ese cachito de tu sueldo es para que t\u00fa tengas un ahorro que se pueda gastar el d\u00eda de ma\u00f1ana, cuando quieras adquirir una casita, un departamento, es decir, una vivienda, por eso le das ese cachito de tu sueldo.<\/span><\/span><\/p>\n<p class=\"s4\"><span class=\"s7\"><span class=\"bumpedFont15\">Pues, hoy, no nos cansamos en decirle a M\u00e9xico, desde Cuernavaca, que este gobierno est\u00e1 a una sola sesi\u00f3n de quitarte ese ahorro y que no nos digan amarillistas, es que eso es lo que dice la ley. <\/span><\/span><\/p>\n<p class=\"s4\">\n<p class=\"s4\"><span class=\"s7\"><span class=\"bumpedFont15\">Este gobierno que, dizque te apoya, te est\u00e1 quitando ese ahorro que es tuyo, porque est\u00e1n disponiendo en la ley que se use para construcci\u00f3n de vivienda, que solo ellos puedan construir y entonces t\u00fa la \u00fanica vivienda que vas a poder adquirir es la que ellos construyan, en donde ellos quieran.<\/span><\/span><\/p>\n<p class=\"s4\"><span class=\"s7\"><span class=\"bumpedFont15\">Si antes ten\u00edan la libertad de decir yo quiero ese dinero para aumentar mi cr\u00e9dito, en cualquier otro lugar que a m\u00ed me gust\u00f3, con esta ley se acab\u00f3. <\/span><\/span><\/p>\n<p class=\"s4\"><span class=\"s7\"><span class=\"bumpedFont15\">Y, solamente les decimos, si este es un gobierno que no se canse <\/span><\/span><span class=\"s7\"><span class=\"bumpedFont15\">en<\/span><\/span><span class=\"s7\"><span class=\"bumpedFont15\"> decir que consulta a la gent<\/span><\/span><span class=\"s7\"><span class=\"bumpedFont15\">e si se pueden llevar tu dinero<\/span><\/span><span class=\"s7\"><span class=\"bumpedFont15\">.<\/span><\/span><\/p>\n<p class=\"s4\"><span class=\"s7\"><span class=\"bumpedFont15\">Adem\u00e1s, que quede claro que nuestro trabajo es <\/span><\/span><span class=\"s7\"><span class=\"bumpedFont15\">abrirle<\/span><\/span><span class=\"s7\"><span class=\"bumpedFont15\"> los ojos a millones de mujeres y hombres en este pa\u00eds. Y eso es lo que est\u00e1 pasando y nosotros habremos de dar la lucha y estamos conscientes de los n\u00fameros y de los votos en el Senado, pero tambi\u00e9n estamos conscientes de nuestra voz y de nuestra presencia, y esa que no nos van a callar jam\u00e1s.<\/span><\/span><\/p>\n<p class=\"s4\"><span class=\"s7\"><span class=\"bumpedFont15\">Y por \u00faltimo, y para concluir, nosotros lo advertimos, Acci\u00f3n Nacional, su dirigencia nacional y sus 32 dirigencias estatales, en su momento lo advertimos: ofrecieron una reforma judicial dizque para democratizar los cargos de jueza o de juez, dizque iba a ser para darle espacio a las personas con m\u00e1s m\u00e9rito, con m\u00e1s capacidades, las que lo iban a hacer mejor, sin ataduras crom\u00e1ticas a partidos, eso fue lo que ofrecieron y en qu\u00e9 acab\u00f3, y lo advertimos como Acci\u00f3n Nacional desde hace un semestre, por lo menos un a\u00f1o, lo llevamos advirtiendo.<\/span><\/span><\/p>\n<p class=\"s4\"><span class=\"s7\"><span class=\"bumpedFont15\">En que acab\u00f3 el m\u00e9todo meritocr\u00e1tico de Morena, en una t\u00f3mbola. Otra vez el gobierno de Morena decidiendo, seg\u00fan una t\u00f3mbola, poniendo el destino de la justicia en este pa\u00eds al azar. Y c\u00f3mo lo hemos venido diciendo y no nos vamos a cansar, entonces, qui\u00e9n habr\u00e1 de resolver sobre tu familia, sobre tu propiedad, sobre tu libertad,<\/span><\/span><span class=\"s7\"><span class=\"bumpedFont15\"> es para saber que <\/span><\/span><span class=\"s7\"><span class=\"bumpedFont15\">su m\u00e9rito fue haber sido escrito su nombre en un papelito que alguien sac\u00f3 de una t\u00f3mbola. M\u00e9xico en los tiempos de la 4T.<\/span><\/span><\/p>\n<p class=\"s4\"><span class=\"s7\"><span class=\"bumpedFont15\">Ya anunciaremos pr\u00f3ximamente las acciones, aqu\u00ed lo decimos, Acci\u00f3n Nacional no se va a quedar callado denunciando y ya aqu\u00ed vamos a analizar toda la opci\u00f3n de acciones legales que <\/span><\/span><span class=\"s7\"><span class=\"bumpedFont15\">podamos<\/span><\/span><span class=\"s7\"><span class=\"bumpedFont15\"> llevar a cabo, porque no lo vamos a permitir.<\/span><\/span><\/p>\n<p class=\"s4\"><span class=\"s7\"><span class=\"bumpedFont15\">Sab\u00edamos que ser\u00eda el \u00faltimo clavo en el ata\u00fad de la divisi\u00f3n de poderes, es decir, de la Rep\u00fablica en este pa\u00eds. As\u00ed es que estamos muy contentas y muy contentos de estar aqu\u00ed para avanzar con nuestra estrategia como partido a nivel nacional y nos pondr\u00edamos obviamente sus \u00f3rdenes si es que hubiera alguna pregunta. A sus \u00f3rdenes.<\/span><\/span><\/p>\n","protected":false},"excerpt":{"rendered":"<p>Jorge Romero Herrera (JRH): Muchas gracias, querido presidente. Bueno, pues, antes que nada, muy buenos d\u00edas, hermanas, hermanos, yo siempre empiezo agradeci\u00e9ndole mucho a ustedes, compa\u00f1eras,<span class=\"excerpt-hellip\"> [\u2026]<\/span><\/p>\n","protected":false},"author":2,"featured_media":5151,"comment_status":"open","ping_status":"open","sticky":false,"template":"","format":"standard","meta":{"footnotes":""},"categories":[8],"tags":[],"class_list":["post-5150","post","type-post","status-publish","format-standard","has-post-thumbnail","hentry","category-politica"],"_links":{"self":[{"href":"https:\/\/sientetupasion.com\/index.php\/wp-json\/wp\/v2\/posts\/5150","targetHints":{"allow":["GET"]}}],"collection":[{"href":"https:\/\/sientetupasion.com\/index.php\/wp-json\/wp\/v2\/posts"}],"about":[{"href":"https:\/\/sientetupasion.com\/index.php\/wp-json\/wp\/v2\/types\/post"}],"author":[{"embeddable":true,"href":"https:\/\/sientetupasion.com\/index.php\/wp-json\/wp\/v2\/users\/2"}],"replies":[{"embeddable":true,"href":"https:\/\/sientetupasion.com\/index.php\/wp-json\/wp\/v2\/comments?post=5150"}],"version-history":[{"count":1,"href":"https:\/\/sientetupasion.com\/index.php\/wp-json\/wp\/v2\/posts\/5150\/revisions"}],"predecessor-version":[{"id":5152,"href":"https:\/\/sientetupasion.com\/index.php\/wp-json\/wp\/v2\/posts\/5150\/revisions\/5152"}],"wp:featuredmedia":[{"embeddable":true,"href":"https:\/\/sientetupasion.com\/index.php\/wp-json\/wp\/v2\/media\/5151"}],"wp:attachment":[{"href":"https:\/\/sientetupasion.com\/index.php\/wp-json\/wp\/v2\/media?parent=5150"}],"wp:term":[{"taxonomy":"category","embeddable":true,"href":"https:\/\/sientetupasion.com\/index.php\/wp-json\/wp\/v2\/categories?post=5150"},{"taxonomy":"post_tag","embeddable":true,"href":"https:\/\/sientetupasion.com\/index.php\/wp-json\/wp\/v2\/tags?post=5150"}],"curies":[{"name":"wp","href":"https:\/\/api.w.org\/{rel}","templated":true}]}}