{"id":5147,"date":"2025-02-06T23:01:13","date_gmt":"2025-02-06T23:01:13","guid":{"rendered":"https:\/\/sientetupasion.com\/?p=5147"},"modified":"2025-02-06T23:01:13","modified_gmt":"2025-02-06T23:01:13","slug":"aldo-pelaez-mejia-participa-en-reunion-nacional-del-pan-en-cuernavaca-morelos","status":"publish","type":"post","link":"https:\/\/sientetupasion.com\/index.php\/2025\/02\/06\/aldo-pelaez-mejia-participa-en-reunion-nacional-del-pan-en-cuernavaca-morelos\/","title":{"rendered":"Aldo Pel\u00e1ez Mej\u00eda participa en reuni\u00f3n nacional del PAN en Cuernavaca, Morelos"},"content":{"rendered":"<p>Cuernavaca, Morelos, 6 de febrero de 2025.<br \/>\nEn el marco de una reuni\u00f3n clave para el futuro de Acci\u00f3n Nacional, Aldo Pel\u00e1ez Mej\u00eda, presidente del Comit\u00e9 Directivo Estatal del PAN en Zacatecas, se encuentra participando junto con las y los presidentes estatales del partido en un encuentro en Cuernavaca, Morelos. Esta reuni\u00f3n estrat\u00e9gica cuenta con la presencia de Jorge Romero Herrera, presidente del Comit\u00e9 Ejecutivo Nacional del PAN, as\u00ed como de importantes secretarios nacionales, diputados federales y senadores de la Rep\u00fablica.<br \/>\nDurante el evento, Jorge Romero Herrera enfatiz\u00f3 el papel fundamental de Acci\u00f3n Nacional como la oposici\u00f3n responsable en M\u00e9xico, reafirmando el compromiso del partido con la defensa de los derechos ciudadanos y la promoci\u00f3n de una agenda que priorice el bienestar de las familias mexicanas.<br \/>\n&#8220;Acci\u00f3n Nacional sigue firme en su compromiso de trabajar desde lo local para fortalecer el proyecto nacional. Nuestra raz\u00f3n de ser no es criticar, sino ayudar a la gente, apoyando iniciativas que realmente beneficien a la econom\u00eda de las familias mexicanas&#8221;, declar\u00f3 el presidente nacional del PAN.<br \/>\nEntre los temas prioritarios abordados en la reuni\u00f3n, se destac\u00f3 la exigencia de precios justos en la gasolina, una demanda que el PAN ha impulsado con fuerza y que ha llevado al gobierno federal a reconsiderar la fijaci\u00f3n de un precio m\u00e1ximo. Asimismo, se manifest\u00f3 un firme rechazo a la reforma a la Ley del Infonavit, que busca restringir la libertad de los trabajadores para decidir sobre su ahorro en vivienda, imponiendo condiciones que solo benefician al gobierno y limitan la capacidad de elecci\u00f3n de los ciudadanos.<br \/>\nOtro de los puntos clave abordados fue la preocupaci\u00f3n por la reciente propuesta de reforma judicial impulsada por el gobierno federal, que, lejos de fortalecer la justicia en M\u00e9xico, la somete a la arbitrariedad de un sistema de selecci\u00f3n basado<\/p>\n<p>en una t\u00f3mbola, dejando a los jueces y magistrados a merced del azar en lugar del m\u00e9rito y la preparaci\u00f3n profesional.<br \/>\nAldo Pel\u00e1ez Mej\u00eda reafirm\u00f3 su compromiso con la defensa de los principios de Acci\u00f3n Nacional y con la lucha por un M\u00e9xico m\u00e1s justo y democr\u00e1tico. &#8220;Desde Zacatecas, nos sumamos a esta causa nacional con el firme prop\u00f3sito de fortalecer a nuestro partido y de seguir siendo la voz de la ciudadan\u00eda ante un gobierno que busca limitar sus libertades y derechos&#8221;, puntualiz\u00f3.<br \/>\nEl encuentro continuar\u00e1 en los pr\u00f3ximos d\u00edas con mesas de trabajo y estrategias conjuntas que permitir\u00e1n a Acci\u00f3n Nacional consolidar su plan de acci\u00f3n a nivel nacional y estatal, siempre con el objetivo de ser una alternativa real para las y los mexicanos.<\/p>\n","protected":false},"excerpt":{"rendered":"<p>Cuernavaca, Morelos, 6 de febrero de 2025. En el marco de una reuni\u00f3n clave para el futuro de Acci\u00f3n Nacional, Aldo Pel\u00e1ez Mej\u00eda, presidente del Comit\u00e9<span class=\"excerpt-hellip\"> [\u2026]<\/span><\/p>\n","protected":false},"author":2,"featured_media":5148,"comment_status":"open","ping_status":"open","sticky":false,"template":"","format":"standard","meta":{"footnotes":""},"categories":[8],"tags":[],"class_list":["post-5147","post","type-post","status-publish","format-standard","has-post-thumbnail","hentry","category-politica"],"_links":{"self":[{"href":"https:\/\/sientetupasion.com\/index.php\/wp-json\/wp\/v2\/posts\/5147","targetHints":{"allow":["GET"]}}],"collection":[{"href":"https:\/\/sientetupasion.com\/index.php\/wp-json\/wp\/v2\/posts"}],"about":[{"href":"https:\/\/sientetupasion.com\/index.php\/wp-json\/wp\/v2\/types\/post"}],"author":[{"embeddable":true,"href":"https:\/\/sientetupasion.com\/index.php\/wp-json\/wp\/v2\/users\/2"}],"replies":[{"embeddable":true,"href":"https:\/\/sientetupasion.com\/index.php\/wp-json\/wp\/v2\/comments?post=5147"}],"version-history":[{"count":1,"href":"https:\/\/sientetupasion.com\/index.php\/wp-json\/wp\/v2\/posts\/5147\/revisions"}],"predecessor-version":[{"id":5149,"href":"https:\/\/sientetupasion.com\/index.php\/wp-json\/wp\/v2\/posts\/5147\/revisions\/5149"}],"wp:featuredmedia":[{"embeddable":true,"href":"https:\/\/sientetupasion.com\/index.php\/wp-json\/wp\/v2\/media\/5148"}],"wp:attachment":[{"href":"https:\/\/sientetupasion.com\/index.php\/wp-json\/wp\/v2\/media?parent=5147"}],"wp:term":[{"taxonomy":"category","embeddable":true,"href":"https:\/\/sientetupasion.com\/index.php\/wp-json\/wp\/v2\/categories?post=5147"},{"taxonomy":"post_tag","embeddable":true,"href":"https:\/\/sientetupasion.com\/index.php\/wp-json\/wp\/v2\/tags?post=5147"}],"curies":[{"name":"wp","href":"https:\/\/api.w.org\/{rel}","templated":true}]}}