{"id":5074,"date":"2025-02-06T14:22:03","date_gmt":"2025-02-06T14:22:03","guid":{"rendered":"https:\/\/sientetupasion.com\/?p=5074"},"modified":"2025-02-06T14:22:03","modified_gmt":"2025-02-06T14:22:03","slug":"llama-renata-avila-a-la-organizacion-de-la-comunidad-migrante-y-propone-medidas-ante-la-nueva-guerra-comercial-entre-mexico-y-estados-unidos","status":"publish","type":"post","link":"https:\/\/sientetupasion.com\/index.php\/2025\/02\/06\/llama-renata-avila-a-la-organizacion-de-la-comunidad-migrante-y-propone-medidas-ante-la-nueva-guerra-comercial-entre-mexico-y-estados-unidos\/","title":{"rendered":"LLAMA RENATA \u00c1VILA A LA ORGANIZACI\u00d3N DE LA COMUNIDAD MIGRANTE Y PROPONE MEDIDAS ANTE LA NUEVA GUERRA COMERCIAL ENTRE M\u00c9XICO Y ESTADOS UNIDOS*"},"content":{"rendered":"<p>????????????????*<br \/>\nEn el marco del Foro Migrantes por la Transformaci\u00f3n, la diputada local del Partido del Trabajo, Renata \u00c1vila Valadez, hizo un llamado a la comunidad migrante de Sombrerete para consolidar su organizaci\u00f3n en un club formal, con el objetivo de fortalecer la vinculaci\u00f3n con su tierra natal y gestionar apoyos que beneficien tanto a los migrantes como a sus familias en Zacatecas.<br \/>\nLa legisladora destac\u00f3 que, aunque muchos municipios del estado ya cuentan con clubes migrantes que han logrado impulsar proyectos comunitarios y de infraestructura, Sombrerete a\u00fan carece de una organizaci\u00f3n similar, lo que limita la posibilidad de acceder a recursos y programas que podr\u00edan mejorar la calidad de vida de sus habitantes y de quienes viven en el extranjero.<br \/>\nEn su intervenci\u00f3n, \u00c1vila Valadez abord\u00f3 el contexto econ\u00f3mico actual, advirtiendo sobre los efectos que tendr\u00e1 en la comunidad migrante y en Zacatecas el reciente inicio de una nueva guerra comercial entre M\u00e9xico y Estados Unidos.<br \/>\nExplic\u00f3 que el incremento de aranceles en distintos productos no solo afectar\u00e1 el costo de vida y la estabilidad laboral de los migrantes en el pa\u00eds vecino, sino que tambi\u00e9n impactar\u00e1 la econom\u00eda local de Zacatecas, encareciendo productos esenciales y generando incertidumbre en diversos sectores.<br \/>\nAnte esta situaci\u00f3n, la diputada expres\u00f3 su respaldo a la postura de la presidenta de M\u00e9xico, Claudia Sheinbaum Pardo, quien ha manifestado su firme rechazo a la imposici\u00f3n unilateral de aranceles, abogando en su lugar por el respeto, el di\u00e1logo y la coordinaci\u00f3n entre ambas naciones.<br \/>\nComo parte de su compromiso con la comunidad migrante, la legisladora sombreretense anunci\u00f3 una serie de propuestas que impulsar\u00e1 desde el Congreso del Estado de Zacatecas para fortalecer la protecci\u00f3n y el reconocimiento de los migrantes. Entre ellas, destac\u00f3 la creaci\u00f3n del D\u00eda del Migrante Sombreretense, con el prop\u00f3sito de visibilizar y reconocer la contribuci\u00f3n de los paisanos a su comunidad de origen.<br \/>\nAsimismo, propuso la implementaci\u00f3n de mecanismos que garanticen una mayor representaci\u00f3n de los migrantes en la toma de decisiones estatales, asegurando que sus necesidades sean consideradas en el dise\u00f1o de pol\u00edticas p\u00fablicas.<br \/>\nPara hacer frente a los efectos de la crisis econ\u00f3mica derivada del conflicto comercial, \u00c1vila Valadez plante\u00f3 la creaci\u00f3n de un programa estatal de apoyo dirigido a los migrantes zacatecanos, que brinde asesor\u00eda y respaldo ante las dificultades que enfrenten en Estados Unidos.<br \/>\nAdem\u00e1s, propuso la constituci\u00f3n de un fondo estatal de emergencia para migrantes, el cual estar\u00eda destinado a apoyar a paisanos en situaciones de vulnerabilidad, como deportaciones, emergencias de salud o crisis econ\u00f3micas.<br \/>\nFinalmente, enfatiz\u00f3 la importancia de fomentar la inversi\u00f3n productiva con remesas, impulsando programas que permitan canalizar estos recursos hacia proyectos que generen empleo y desarrollo en Zacatecas.<br \/>\nAl concluir su mensaje, Renata \u00c1vila  reafirm\u00f3 su compromiso con la comunidad migrante y destac\u00f3 la necesidad de fortalecer la unidad y la organizaci\u00f3n para enfrentar los desaf\u00edos actuales. \u201cLa migraci\u00f3n no es solo un viaje f\u00edsico, es una historia de lucha, de amor por nuestras ra\u00edces y de esperanza en un futuro mejor. No importa la distancia ni el tiempo: quien nace en Sombrerete, lleva a Sombrerete en el alma para siempre\u201d, expres\u00f3.<\/p>\n","protected":false},"excerpt":{"rendered":"<p>????????????????* En el marco del Foro Migrantes por la Transformaci\u00f3n, la diputada local del Partido del Trabajo, Renata \u00c1vila Valadez, hizo un llamado a la comunidad<span class=\"excerpt-hellip\"> [\u2026]<\/span><\/p>\n","protected":false},"author":2,"featured_media":5075,"comment_status":"open","ping_status":"open","sticky":false,"template":"","format":"standard","meta":{"footnotes":""},"categories":[8],"tags":[],"class_list":["post-5074","post","type-post","status-publish","format-standard","has-post-thumbnail","hentry","category-politica"],"_links":{"self":[{"href":"https:\/\/sientetupasion.com\/index.php\/wp-json\/wp\/v2\/posts\/5074","targetHints":{"allow":["GET"]}}],"collection":[{"href":"https:\/\/sientetupasion.com\/index.php\/wp-json\/wp\/v2\/posts"}],"about":[{"href":"https:\/\/sientetupasion.com\/index.php\/wp-json\/wp\/v2\/types\/post"}],"author":[{"embeddable":true,"href":"https:\/\/sientetupasion.com\/index.php\/wp-json\/wp\/v2\/users\/2"}],"replies":[{"embeddable":true,"href":"https:\/\/sientetupasion.com\/index.php\/wp-json\/wp\/v2\/comments?post=5074"}],"version-history":[{"count":1,"href":"https:\/\/sientetupasion.com\/index.php\/wp-json\/wp\/v2\/posts\/5074\/revisions"}],"predecessor-version":[{"id":5076,"href":"https:\/\/sientetupasion.com\/index.php\/wp-json\/wp\/v2\/posts\/5074\/revisions\/5076"}],"wp:featuredmedia":[{"embeddable":true,"href":"https:\/\/sientetupasion.com\/index.php\/wp-json\/wp\/v2\/media\/5075"}],"wp:attachment":[{"href":"https:\/\/sientetupasion.com\/index.php\/wp-json\/wp\/v2\/media?parent=5074"}],"wp:term":[{"taxonomy":"category","embeddable":true,"href":"https:\/\/sientetupasion.com\/index.php\/wp-json\/wp\/v2\/categories?post=5074"},{"taxonomy":"post_tag","embeddable":true,"href":"https:\/\/sientetupasion.com\/index.php\/wp-json\/wp\/v2\/tags?post=5074"}],"curies":[{"name":"wp","href":"https:\/\/api.w.org\/{rel}","templated":true}]}}