{"id":5022,"date":"2025-02-05T12:49:46","date_gmt":"2025-02-05T12:49:46","guid":{"rendered":"https:\/\/sientetupasion.com\/?p=5022"},"modified":"2025-02-05T12:49:46","modified_gmt":"2025-02-05T12:49:46","slug":"fomentaran-participacion-de-ninez-en-foro-intergeneracional","status":"publish","type":"post","link":"https:\/\/sientetupasion.com\/index.php\/2025\/02\/05\/fomentaran-participacion-de-ninez-en-foro-intergeneracional\/","title":{"rendered":"Fomentar\u00e1n participaci\u00f3n de ni\u00f1ez en Foro Intergeneracional"},"content":{"rendered":"<p>&nbsp;<\/p>\n<p>\u25aa Dispone Gobernador David Monreal \u00c1vila realizaci\u00f3n de mesas de trabajo para la organizaci\u00f3n de Foro Intergeneracional<br \/>\n\u25aa Conforman subgrupo que se encargar\u00e1 de la organizaci\u00f3n y planeaci\u00f3n del evento<br \/>\n\u25aa Realiza SIPINNA su sexta sesi\u00f3n del Sistema Estatal<\/p>\n<p>Zacatecas, Zac., 4 de febrero de 2025.- Con el objetivo de proteger y hacer valer el derecho a la participaci\u00f3n, tal y como lo ha dispuesto el Gobernador David Monreal \u00c1vila, en el marco de la Sexta Sesi\u00f3n del Sistema Estatal de Protecci\u00f3n de Ni\u00f1as, Ni\u00f1os y Adolescentes (SIPINNA) se propuso la realizaci\u00f3n de espacios donde la ni\u00f1ez y la adolescencia puedan compartir su perspectiva sobre las problem\u00e1ticas estatales y proponer ideas o proyectos de soluci\u00f3n y\/o atenci\u00f3n.<\/p>\n<p>Respecto a estos espacios, se aprob\u00f3 la creaci\u00f3n de un subgrupo de trabajo para las labores de planeaci\u00f3n y log\u00edstica del Foro Intergeneracional, a realizarse en abril pr\u00f3ximo, en el marco del D\u00eda de la Ni\u00f1ez y que estar\u00e1 compuesto por diversas instituciones que, por la naturaleza de sus labores, impactan directamente en este grupo de la poblaci\u00f3n zacatecana.<\/p>\n<p>Este evento contar\u00e1 con la realizaci\u00f3n de diversas mesas de trabajo, cada una orientada a una tem\u00e1tica especializada y, en el marco de uno o varios derechos, con el objetivo de que el desarrollo de estos espacios sea m\u00e1s eficiente. Cada mesa contar\u00e1 con facilitadores, relatores y representantes de instituciones para dirigir el desarrollo de las propuestas que ni\u00f1as, ni\u00f1os y adolescentes participantes expresen.<\/p>\n<p>La Secretaria Ejecutiva del SIPINNA, F\u00e1tima Soriano Canizales, destac\u00f3 la voluntad de todas las instituciones p\u00fablicas y organizaciones que se suman a estas labores, dado que demuestran el compromiso de continuar la construcci\u00f3n del Zacatecas que las nuevas generaciones merecen para tener la oportunidad de desarrollarse plenamente.<\/p>\n<p>Enfatiz\u00f3 que estos esfuerzos interinstitucionales refuerzan las actividades y estrategias que el Gobierno de Zacatecas, encabezado por el mandatario estatal David Monreal \u00c1vila, impulsa en la Agenda del 2025, A\u00f1o del Bienestar.<\/p>\n<p>Este subgrupo celebr\u00f3 su primera sesi\u00f3n de trabajo, donde destacan los acuerdos de analizar las agendas de las respectivas instituciones integrantes para definir los objetivos y estrategias a implementar para alcanzar los objetivos trazados.<\/p>\n<p>En este encuentro participaron autoridades representantes del Sistema Estatal para el Desarrollo Integral de la Familia (SEDIF), las secretar\u00edas de Salud, Educaci\u00f3n, Desarrollo Social, de las Mujeres, Agua y Medio Ambiente, del Zacatecano Migrante y de la Funci\u00f3n P\u00fablica, Coordinaci\u00f3n Estatal de Planeaci\u00f3n, el Sistema Zacatecano de Radio y televisi\u00f3n (SIZART).<\/p>\n<p>Asimismo, participaron representantes de la Comisi\u00f3n de Derechos Humanos del Estado de Zacatecas, de los institutos de Cultura F\u00edsica y Deporte, de la Juventud, para la Atenci\u00f3n e Inclusi\u00f3n de personas con Discapacidad, Zacatecano de Cultura y el Consejo Zacatecano de Ciencia, Tecnolog\u00eda e Innovaci\u00f3n (Cozcyt).<\/p>\n<p>Los y las asistentes expresaron su deseo de continuar su colaboraci\u00f3n para que las ni\u00f1as, ni\u00f1os y adolescentes de Zacatecas no s\u00f3lo se sientan orgullosos de su tierra, sino que se establezcan las bases de una sociedad en paz y bienestar.<\/p>\n<p>\u2014ooOoo\u2014<\/p>\n","protected":false},"excerpt":{"rendered":"<p>&nbsp; \u25aa Dispone Gobernador David Monreal \u00c1vila realizaci\u00f3n de mesas de trabajo para la organizaci\u00f3n de Foro Intergeneracional \u25aa Conforman subgrupo que se encargar\u00e1 de la<span class=\"excerpt-hellip\"> [\u2026]<\/span><\/p>\n","protected":false},"author":2,"featured_media":5023,"comment_status":"open","ping_status":"open","sticky":false,"template":"","format":"standard","meta":{"footnotes":""},"categories":[16],"tags":[],"class_list":["post-5022","post","type-post","status-publish","format-standard","has-post-thumbnail","hentry","category-zacatecas"],"_links":{"self":[{"href":"https:\/\/sientetupasion.com\/index.php\/wp-json\/wp\/v2\/posts\/5022","targetHints":{"allow":["GET"]}}],"collection":[{"href":"https:\/\/sientetupasion.com\/index.php\/wp-json\/wp\/v2\/posts"}],"about":[{"href":"https:\/\/sientetupasion.com\/index.php\/wp-json\/wp\/v2\/types\/post"}],"author":[{"embeddable":true,"href":"https:\/\/sientetupasion.com\/index.php\/wp-json\/wp\/v2\/users\/2"}],"replies":[{"embeddable":true,"href":"https:\/\/sientetupasion.com\/index.php\/wp-json\/wp\/v2\/comments?post=5022"}],"version-history":[{"count":1,"href":"https:\/\/sientetupasion.com\/index.php\/wp-json\/wp\/v2\/posts\/5022\/revisions"}],"predecessor-version":[{"id":5024,"href":"https:\/\/sientetupasion.com\/index.php\/wp-json\/wp\/v2\/posts\/5022\/revisions\/5024"}],"wp:featuredmedia":[{"embeddable":true,"href":"https:\/\/sientetupasion.com\/index.php\/wp-json\/wp\/v2\/media\/5023"}],"wp:attachment":[{"href":"https:\/\/sientetupasion.com\/index.php\/wp-json\/wp\/v2\/media?parent=5022"}],"wp:term":[{"taxonomy":"category","embeddable":true,"href":"https:\/\/sientetupasion.com\/index.php\/wp-json\/wp\/v2\/categories?post=5022"},{"taxonomy":"post_tag","embeddable":true,"href":"https:\/\/sientetupasion.com\/index.php\/wp-json\/wp\/v2\/tags?post=5022"}],"curies":[{"name":"wp","href":"https:\/\/api.w.org\/{rel}","templated":true}]}}