{"id":4811,"date":"2024-12-19T09:52:34","date_gmt":"2024-12-19T09:52:34","guid":{"rendered":"https:\/\/sientetupasion.com\/?p=4811"},"modified":"2024-12-19T09:52:34","modified_gmt":"2024-12-19T09:52:34","slug":"cierra-gobierno-de-zacatecas-exposiciones-2024-ano-de-la-paz-con-la-obra-del-artista-jose-esteban-martinez","status":"publish","type":"post","link":"https:\/\/sientetupasion.com\/index.php\/2024\/12\/19\/cierra-gobierno-de-zacatecas-exposiciones-2024-ano-de-la-paz-con-la-obra-del-artista-jose-esteban-martinez\/","title":{"rendered":"Cierra Gobierno de Zacatecas exposiciones 2024, A\u00f1o de la Paz, con la obra del artista Jos\u00e9 Esteban Mart\u00ednez"},"content":{"rendered":"<p>&nbsp;<\/p>\n<p>\u25aa\ufe0f En el Antiguo Templo de San Agust\u00edn, ante artistas, amigos, familiares y autoridades de cultura de Zacatecas<\/p>\n<p>Zacatecas, Zac., 18 de diciembre de 2025.- Dotada de vitalidad y color, que reflejan el esp\u00edritu inconfundible de su creador, el artista fresnillense Jos\u00e9 Esteban Mart\u00ednez, es la exposici\u00f3n \u201c\u00bfD\u00f3nde andas coraz\u00f3n?\u201d, inaugurada este lunes 18 de diciembre, en el Antiguo Templo de San Agust\u00edn.<\/p>\n<p>En ausencia del autor, en su persona, por motivos de salud, pero no en su esencia en el color y la po\u00e9tica de su obra, la Directora del Instituto Zacatecano de Cultura (IZC) \u201cRam\u00f3n L\u00f3pez Velarde\u201d, Mar\u00eda de Jes\u00fas Mu\u00f1oz Reyes, en el acto inaugural, reconoci\u00f3 a Jos\u00e9 Esteban Mart\u00ednez como un gran ser humano y una persona muy fuerte, que no deja de ser productiva y creativa.<\/p>\n<p>\u201cAqu\u00ed est\u00e1 su obra y su familia, quienes lo reconocemos y apreciamos de toda la vida; amigos, artistas, m\u00fasicos y los zacatecanos\u201d, dijo.<\/p>\n<p>Con esta exposici\u00f3n, agreg\u00f3, con la que adem\u00e1s se cierran las actividades culturales del 2024, A\u00f1o de la Paz, celebramos el talento y la pasi\u00f3n desbordante de Jos\u00e9 Esteban Mart\u00ednez, un artista zacatecano cuya obra y vida son inseparables.<\/p>\n<p>\u201cFresnillense de coraz\u00f3n y pintor por vocaci\u00f3n propia, Jos\u00e9 Esteban ha hecho del arte su territorio vital, que, en esta ocasi\u00f3n, a partir de la pintura, su lenguaje m\u00e1s aut\u00e9ntico, expone en esta muestra \u00fanicamente obra sobre papel. Dise\u00f1ador, ilustrador y viajero incansable, ha recorrido el mundo y las grandes capitales del arte, llevando consigo una mirada tan l\u00fadica como vern\u00e1cula\u201d.<\/p>\n<p>Dijo que su obra, plet\u00f3rica de color y picard\u00eda, refleja una personalidad exuberante, un creador que convierte cada espacio y cada instante en un homenaje a la creatividad. \u00bfD\u00f3nde andas Coraz\u00f3n? no es s\u00f3lo una exposici\u00f3n: es una invitaci\u00f3n a sumergirnos en un universo vibrante y m\u00e1gico, tan original y generoso como el artista mismo.<\/p>\n<p>El escritor Gonzalo Lizardo destaca que Mart\u00ednez, artista pl\u00e1stico autodidacta que transit\u00f3 del dise\u00f1o gr\u00e1fico a la pintura, da cuenta en esta muestra c\u00f3mo ha logrado plasmar en sus piezas una visi\u00f3n profundamente personal y \u00fanica del mundo, como un reflejo de su vida intensa, su pasi\u00f3n por el arte y su experiencia como viajero y conocedor de diversas culturas.<\/p>\n<p>Las obras est\u00e1n llenas de un abigarrado colorido que combina lo l\u00fadico y lo vern\u00e1culo, en las que muestra su habilidad para mezclar elementos tradicionales con un enfoque contempor\u00e1neo y desenfadado. Los t\u00edtulos de las obras, impregnados de picard\u00eda, aportan un toque humor\u00edstico que complementa el vibrante lenguaje visual de sus pinturas.<\/p>\n<p>Pese a definirse como un \u201canalfabeto disfuncional de las artes,\u201d Mart\u00ednez ha expuesto en importantes capitales culturales y ha convivido con figuras relevantes del mundo art\u00edstico, lo que ha enriquecido su propuesta creativa.<\/p>\n<p>Su obra, hoy expuesta hasta febrero del 2025 en este recinto, es un testimonio de c\u00f3mo su esp\u00edritu exuberante trasciende sus planos, convirtiendo cada cuadro en una celebraci\u00f3n de la vida y la autenticidad.<\/p>\n<p>\u00bfD\u00f3nde andas coraz\u00f3n? fue inaugurada por el Secretario de Turismo, Le Roy Barrag\u00e1n Ocampo; la hija del artista y sus nietos, as\u00ed como autoridades de cultura que acompa\u00f1aron a la Directora General del IZC, como el Director del Sistema Estatal de Museos, Uriel M\u00e1rquez Romo.<\/p>\n<p>\u2014ooOoo\u2014<\/p>\n","protected":false},"excerpt":{"rendered":"<p>&nbsp; \u25aa\ufe0f En el Antiguo Templo de San Agust\u00edn, ante artistas, amigos, familiares y autoridades de cultura de Zacatecas Zacatecas, Zac., 18 de diciembre de 2025.-<span class=\"excerpt-hellip\"> [\u2026]<\/span><\/p>\n","protected":false},"author":2,"featured_media":4812,"comment_status":"open","ping_status":"open","sticky":false,"template":"","format":"standard","meta":{"footnotes":""},"categories":[16],"tags":[],"class_list":["post-4811","post","type-post","status-publish","format-standard","has-post-thumbnail","hentry","category-zacatecas"],"_links":{"self":[{"href":"https:\/\/sientetupasion.com\/index.php\/wp-json\/wp\/v2\/posts\/4811","targetHints":{"allow":["GET"]}}],"collection":[{"href":"https:\/\/sientetupasion.com\/index.php\/wp-json\/wp\/v2\/posts"}],"about":[{"href":"https:\/\/sientetupasion.com\/index.php\/wp-json\/wp\/v2\/types\/post"}],"author":[{"embeddable":true,"href":"https:\/\/sientetupasion.com\/index.php\/wp-json\/wp\/v2\/users\/2"}],"replies":[{"embeddable":true,"href":"https:\/\/sientetupasion.com\/index.php\/wp-json\/wp\/v2\/comments?post=4811"}],"version-history":[{"count":1,"href":"https:\/\/sientetupasion.com\/index.php\/wp-json\/wp\/v2\/posts\/4811\/revisions"}],"predecessor-version":[{"id":4813,"href":"https:\/\/sientetupasion.com\/index.php\/wp-json\/wp\/v2\/posts\/4811\/revisions\/4813"}],"wp:featuredmedia":[{"embeddable":true,"href":"https:\/\/sientetupasion.com\/index.php\/wp-json\/wp\/v2\/media\/4812"}],"wp:attachment":[{"href":"https:\/\/sientetupasion.com\/index.php\/wp-json\/wp\/v2\/media?parent=4811"}],"wp:term":[{"taxonomy":"category","embeddable":true,"href":"https:\/\/sientetupasion.com\/index.php\/wp-json\/wp\/v2\/categories?post=4811"},{"taxonomy":"post_tag","embeddable":true,"href":"https:\/\/sientetupasion.com\/index.php\/wp-json\/wp\/v2\/tags?post=4811"}],"curies":[{"name":"wp","href":"https:\/\/api.w.org\/{rel}","templated":true}]}}