{"id":4723,"date":"2024-12-18T07:59:57","date_gmt":"2024-12-18T07:59:57","guid":{"rendered":"https:\/\/sientetupasion.com\/?p=4723"},"modified":"2024-12-18T07:59:57","modified_gmt":"2024-12-18T07:59:57","slug":"festival-navideno-del-centro-de-desarrollo-infantil-emiliano-zapata-resalta-la-educacion-inicial-en-calera","status":"publish","type":"post","link":"https:\/\/sientetupasion.com\/index.php\/2024\/12\/18\/festival-navideno-del-centro-de-desarrollo-infantil-emiliano-zapata-resalta-la-educacion-inicial-en-calera\/","title":{"rendered":"Festival Navide\u00f1o del Centro de Desarrollo Infantil &#8220;Emiliano Zapata&#8221; Resalta la Educaci\u00f3n Inicial en Calera"},"content":{"rendered":"<p>Bolet\u00edn de Prensa<\/p>\n<p>Calera, Zac., a [fecha actual] \u2013 En un ambiente lleno de alegr\u00eda y esp\u00edritu navide\u00f1o, el Centro de Desarrollo Infantil (CENDI) &#8220;Emiliano Zapata&#8221;, M\u00f3dulo V, llev\u00f3 a cabo su Festival Navide\u00f1o, reuniendo a cientos de padres de familia y la comunidad educativa en un emotivo evento que destac\u00f3 la importancia de la educaci\u00f3n inicial y los valores fundamentales.<\/p>\n<p>Encabezado por la Directora del centro, Lic. Marisela Hern\u00e1ndez Rodr\u00edguez, el festival cont\u00f3 con la destacada participaci\u00f3n de los alumnos desde maternal hasta tercero de preescolar, quienes deleitaron al p\u00fablico con la lectura de un cuento lleno de mensajes de uni\u00f3n y esperanza.<\/p>\n<p>La Lic. Laura Elena Trejo Delgado, Coordinadora de los CENDI, y el Ing. Ad\u00e1n Gonz\u00e1lez Acosta, Coordinador Estatal del Frente Popular de Lucha de Zacatecas, tomaron la palabra para resaltar la labor educativa integral que se realiza en los CENDI&#8217;S. En su intervenci\u00f3n, destacaron c\u00f3mo este modelo educativo acompa\u00f1a a los ni\u00f1os y ni\u00f1as desde los 45 d\u00edas de nacidos hasta los 6 a\u00f1os de edad, brind\u00e1ndoles una formaci\u00f3n integral basada en valores como la solidaridad y el respeto.<\/p>\n<p>Este festival, organizado por el CENDI &#8220;Emiliano Zapata&#8221;, M\u00f3dulo V, fue m\u00e1s que una celebraci\u00f3n navide\u00f1a; fue un homenaje al esfuerzo colectivo de docentes, familias y estudiantes que trabajan d\u00eda a d\u00eda para construir una educaci\u00f3n basada en principios s\u00f3lidos y compromiso social.<\/p>\n","protected":false},"excerpt":{"rendered":"<p>Bolet\u00edn de Prensa Calera, Zac., a [fecha actual] \u2013 En un ambiente lleno de alegr\u00eda y esp\u00edritu navide\u00f1o, el Centro de Desarrollo Infantil (CENDI) &#8220;Emiliano Zapata&#8221;,<span class=\"excerpt-hellip\"> [\u2026]<\/span><\/p>\n","protected":false},"author":2,"featured_media":4724,"comment_status":"open","ping_status":"open","sticky":false,"template":"","format":"standard","meta":{"footnotes":""},"categories":[8],"tags":[],"class_list":["post-4723","post","type-post","status-publish","format-standard","has-post-thumbnail","hentry","category-politica"],"_links":{"self":[{"href":"https:\/\/sientetupasion.com\/index.php\/wp-json\/wp\/v2\/posts\/4723","targetHints":{"allow":["GET"]}}],"collection":[{"href":"https:\/\/sientetupasion.com\/index.php\/wp-json\/wp\/v2\/posts"}],"about":[{"href":"https:\/\/sientetupasion.com\/index.php\/wp-json\/wp\/v2\/types\/post"}],"author":[{"embeddable":true,"href":"https:\/\/sientetupasion.com\/index.php\/wp-json\/wp\/v2\/users\/2"}],"replies":[{"embeddable":true,"href":"https:\/\/sientetupasion.com\/index.php\/wp-json\/wp\/v2\/comments?post=4723"}],"version-history":[{"count":1,"href":"https:\/\/sientetupasion.com\/index.php\/wp-json\/wp\/v2\/posts\/4723\/revisions"}],"predecessor-version":[{"id":4725,"href":"https:\/\/sientetupasion.com\/index.php\/wp-json\/wp\/v2\/posts\/4723\/revisions\/4725"}],"wp:featuredmedia":[{"embeddable":true,"href":"https:\/\/sientetupasion.com\/index.php\/wp-json\/wp\/v2\/media\/4724"}],"wp:attachment":[{"href":"https:\/\/sientetupasion.com\/index.php\/wp-json\/wp\/v2\/media?parent=4723"}],"wp:term":[{"taxonomy":"category","embeddable":true,"href":"https:\/\/sientetupasion.com\/index.php\/wp-json\/wp\/v2\/categories?post=4723"},{"taxonomy":"post_tag","embeddable":true,"href":"https:\/\/sientetupasion.com\/index.php\/wp-json\/wp\/v2\/tags?post=4723"}],"curies":[{"name":"wp","href":"https:\/\/api.w.org\/{rel}","templated":true}]}}