{"id":4664,"date":"2024-12-17T03:34:34","date_gmt":"2024-12-17T03:34:34","guid":{"rendered":"https:\/\/sientetupasion.com\/?p=4664"},"modified":"2024-12-17T03:34:34","modified_gmt":"2024-12-17T03:34:34","slug":"el-primer-periodo-de-la-66-legislatura-es-el-peor-en-la-historia-de-la-camara-de-diputados-por-atentar-contra-la-democracia-gppan","status":"publish","type":"post","link":"https:\/\/sientetupasion.com\/index.php\/2024\/12\/17\/el-primer-periodo-de-la-66-legislatura-es-el-peor-en-la-historia-de-la-camara-de-diputados-por-atentar-contra-la-democracia-gppan\/","title":{"rendered":"EL PRIMER PERIODO DE LA 66 LEGISLATURA ES EL PEOR EN LA HISTORIA DE LA C\u00c1MARA DE DIPUTADOS POR ATENTAR CONTRA LA DEMOCRACIA: GPPAN"},"content":{"rendered":"<p>\u2022 La Coordinadora panista, Noem\u00ed Luna, resalta que en los s\u00f3lo cuatro meses de dicho periodo pr\u00e1cticamente el oficialismo cre\u00f3 una \u201cConstituci\u00f3n morenista\u201d<br \/>\n\u2022 Lo califica como un periodo de irregularidades, plagado de vicios, con un arranque ilegal y una sobrerrepresentaci\u00f3n artificial del oficialismo<\/p>\n<p>El Primer Periodo Ordinario del Primer A\u00f1o de la 66 Legislatura quedar\u00e1 inscrito en los anales de la historia como el peor de la C\u00e1mara de Diputados, pues est\u00e1 marcado por graves irregularidades, plagado de vicios, por un arranque ilegal y una sobrerrepresentaci\u00f3n artificial del oficialismo; as\u00ed como por la aprobaci\u00f3n de reformas constitucionales que atentaron contra la democracia.<\/p>\n<p>As\u00ed lo denunci\u00f3 la Coordinadora del Grupo Parlamentario del Partido Acci\u00f3n Nacional (GPPAN), Noem\u00ed Luna, al hacer un balance de los resultados del Primer Periodo Ordinario reci\u00e9n concluido, donde no se escuch\u00f3 a la oposici\u00f3n y por mayoriteo del oficialismo de Morena, PVEM y PT se aprobaron las reformas da\u00f1inas enviadas por el expresidente Andr\u00e9s Manuel L\u00f3pez Obrador para pr\u00e1cticamente crear una nueva \u201cConstituci\u00f3n morenista\u201d.<\/p>\n<p>Dijo que fue \u201cun periodo que se caracteriz\u00f3 por iniciar de manera ilegal, con una sobrerrepresentaci\u00f3n que permiti\u00f3 una mayor\u00eda artificial del oficialismo y esto repercuti\u00f3 en que la C\u00e1mara de Diputados se convirtiera una vez m\u00e1s en una Oficial\u00eda de Partes del Legislativo\u201d, critic\u00f3 duramente la Legisladora representante de Zacatecas.<\/p>\n<p>\u201cSi hici\u00e9ramos el balance de lo que sucedi\u00f3 estos meses, yo creo que es el peor periodo legislativo en la historia del pa\u00eds\u201d, afirm\u00f3 la lideresa de la fracci\u00f3n blanquiazul tras lamentar los p\u00e9simos resultados de este primer periodo de trabajo en la 66 Legislatura, caracterizada por una sobrerrepresentaci\u00f3n ficticia del oficialismo, con 75% de diputados, misma que no obtuvieron en las urnas, donde s\u00f3lo recibieron el 54% de votos.<\/p>\n<p>Pese a los intentos por reducir a la oposici\u00f3n a su m\u00e1xima expresi\u00f3n, Noem\u00ed Luna celebr\u00f3 que el r\u00e9gimen morenista no pudo con el PAN, ya que el electorado le dio alrededor de 10 millones de sufragios y lo mantuvo como la primera fuerza pol\u00edtica de oposici\u00f3n en la C\u00e1mara de Diputados, con 71 Diputados y 21 Senadores, lo que le permiti\u00f3 alzar la voz pra defender a la Rep\u00fablica, la Divisi\u00f3n de Poderes, los contrapesos institucionales y a la Constituci\u00f3n.<\/p>\n<p>\u201cTerrible lo que sucedi\u00f3 estos meses; sin embargo, ah\u00ed queda para la historia el testigo de la lucha que dimos las y los panistas del debate, con argumento de que siempre hemos estado del lado de la verdad, del lado de la democracia, de lado de las libertades y que no vamos a claudicar a nuestra obligaci\u00f3n de dar el debate y seguir luchando por la Rep\u00fablica\u201d, comprometi\u00f3 la zacatecana.<\/p>\n<p>Finalmente, Noem\u00ed Luna revel\u00f3 que la inflada representaci\u00f3n del oficialismo da\u00f1\u00f3 severamente al sistema democr\u00e1tico mexicano, pues \u201csignific\u00f3 una serie de reformas constitucionales al vapor, con un proceso legislativo plagado de vicios y que atent\u00f3 contra la Divisi\u00f3n de Poderes, contra las instituciones y los \u00f3rganos constitucionales, contra la democracia y las libertades de las y los mexicanos\u201d.<\/p>\n<p>oooOooo<\/p>\n","protected":false},"excerpt":{"rendered":"<p>\u2022 La Coordinadora panista, Noem\u00ed Luna, resalta que en los s\u00f3lo cuatro meses de dicho periodo pr\u00e1cticamente el oficialismo cre\u00f3 una \u201cConstituci\u00f3n morenista\u201d \u2022 Lo califica<span class=\"excerpt-hellip\"> [\u2026]<\/span><\/p>\n","protected":false},"author":2,"featured_media":4666,"comment_status":"open","ping_status":"open","sticky":false,"template":"","format":"standard","meta":{"footnotes":""},"categories":[8],"tags":[],"class_list":["post-4664","post","type-post","status-publish","format-standard","has-post-thumbnail","hentry","category-politica"],"_links":{"self":[{"href":"https:\/\/sientetupasion.com\/index.php\/wp-json\/wp\/v2\/posts\/4664","targetHints":{"allow":["GET"]}}],"collection":[{"href":"https:\/\/sientetupasion.com\/index.php\/wp-json\/wp\/v2\/posts"}],"about":[{"href":"https:\/\/sientetupasion.com\/index.php\/wp-json\/wp\/v2\/types\/post"}],"author":[{"embeddable":true,"href":"https:\/\/sientetupasion.com\/index.php\/wp-json\/wp\/v2\/users\/2"}],"replies":[{"embeddable":true,"href":"https:\/\/sientetupasion.com\/index.php\/wp-json\/wp\/v2\/comments?post=4664"}],"version-history":[{"count":1,"href":"https:\/\/sientetupasion.com\/index.php\/wp-json\/wp\/v2\/posts\/4664\/revisions"}],"predecessor-version":[{"id":4665,"href":"https:\/\/sientetupasion.com\/index.php\/wp-json\/wp\/v2\/posts\/4664\/revisions\/4665"}],"wp:featuredmedia":[{"embeddable":true,"href":"https:\/\/sientetupasion.com\/index.php\/wp-json\/wp\/v2\/media\/4666"}],"wp:attachment":[{"href":"https:\/\/sientetupasion.com\/index.php\/wp-json\/wp\/v2\/media?parent=4664"}],"wp:term":[{"taxonomy":"category","embeddable":true,"href":"https:\/\/sientetupasion.com\/index.php\/wp-json\/wp\/v2\/categories?post=4664"},{"taxonomy":"post_tag","embeddable":true,"href":"https:\/\/sientetupasion.com\/index.php\/wp-json\/wp\/v2\/tags?post=4664"}],"curies":[{"name":"wp","href":"https:\/\/api.w.org\/{rel}","templated":true}]}}