{"id":4651,"date":"2024-12-17T03:27:06","date_gmt":"2024-12-17T03:27:06","guid":{"rendered":"https:\/\/sientetupasion.com\/?p=4651"},"modified":"2024-12-17T03:27:06","modified_gmt":"2024-12-17T03:27:06","slug":"todo-listo-para-el-bazar-navideno-en-la-explanada-del-congreso-del-estado-cultura-creatividad-y-apoyo-al-talento-local","status":"publish","type":"post","link":"https:\/\/sientetupasion.com\/index.php\/2024\/12\/17\/todo-listo-para-el-bazar-navideno-en-la-explanada-del-congreso-del-estado-cultura-creatividad-y-apoyo-al-talento-local\/","title":{"rendered":"Todo listo para el Bazar Navide\u00f1o en la explanada del Congreso del Estado: Cultura, creatividad y apoyo al talento local*"},"content":{"rendered":"<p>????*<\/p>\n<p>???????? Este fin de semana, s\u00e1bado 21 y domingo 22 de diciembre, de 12:00 p.m. a 8:00 p.m., se llevar\u00e1 a cabo el Bazar Navide\u00f1o de creadoras zacatecanas en la explanada del Congreso del Estado; un evento que promete ser una celebraci\u00f3n llena de cultura, creatividad y apoyo al talento local. Durante dos d\u00edas, las familias zacatecanas podr\u00e1n disfrutar de actividades culturales, talleres creativos y una amplia oferta de productos de artistas y emprendedoras locales.<br \/>\nEn rueda de prensa, Renata \u00c1vila Valadez, diputada del Partido del Trabajo (PT), y la artista gr\u00e1fica Claudia C\u00f3rdova, directora de La Casa Roja, destacaron la importancia de este bazar como un espacio para contribuir al empoderamiento  y econom\u00eda de las mujeres artistas en la entidad, as\u00ed como, la promoci\u00f3n de actividades culturales accesibles para todos los zacatecanos.<br \/>\n\u201cLa idea es visibilizar el trabajo que est\u00e1n haciendo las compa\u00f1eras, difundir sus actividades y seguir apost\u00e1ndole al apoyo de emprendimientos de mujeres zacatecanas\u201d, se\u00f1al\u00f3 Renata \u00c1vila Valadez. El bazar no solo ser\u00e1 una oportunidad para adquirir productos originales y de calidad, sino tambi\u00e9n un evento para disfrutar en familia.<br \/>\nPor su parte, Claudia C\u00f3rdova explic\u00f3 que el objetivo de quienes se dedican a la gr\u00e1fica es crear arte accesible para todas las personas, utilizando materiales como papel o reciclados, lo que permite ofrecer piezas originales a precios razonables. \u201cQueremos que nos consuman todas las personas que, de acuerdo a sus posibilidades, puedan apreciar y tener arte o un producto \u00fanico en su hogar\u201d a\u00f1adi\u00f3 C\u00f3rdova.<br \/>\nEl bazar contar\u00e1 con la participaci\u00f3n de 22 expositores y los asistentes encontrar\u00e1n una variedad de productos artesanales, art\u00edsticos y de dise\u00f1o, creados por destacadas expositoras. Desde grabados y pinturas hasta plantas, accesorios y art\u00edculos \u00fanicos, el evento ser\u00e1 una excelente oportunidad para adquirir regalos navide\u00f1os mientras se apoya al talento local.<br \/>\nComo parte de las actividades, se llevar\u00e1n a cabo talleres creativos tanto para ni\u00f1os como para adultos. Entre ellos, un taller de acuarela navide\u00f1a a la 1:00 p.m. (s\u00e1bado y domingo), talleres de tarjetas navide\u00f1as a las 4:00 p.m. y 6:00 p.m., y un taller de estampado para ni\u00f1os a las 7:00 p.m. Adem\u00e1s, de 2:00 p.m. a 6:00 p.m. se ofrecer\u00e1n talleres infantiles dise\u00f1ados para fomentar la creatividad y el aprendizaje en un ambiente navide\u00f1o.<br \/>\nEl programa tambi\u00e9n incluye espect\u00e1culos en vivo, como el que tendr\u00e1 lugar el domingo, a las 6:00 p.m., cuando se llevar\u00e1 a cabo un concierto de blues en vivo con Chuy Regalado e Iv\u00e1n Lea\u00f1os.<br \/>\nM\u00e1s que un bazar navide\u00f1o, este evento tiene como objetivo visibilizar el trabajo de mujeres artistas, artesanas y emprendedoras, muchas de ellas integrantes de colectivas feministas. La Casa Roja busca, a trav\u00e9s de este espacio, promover el talento local y ofrecer una experiencia enriquecedora para la comunidad zacatecana, donde las familias puedan disfrutar, aprender y adquirir productos \u00fanicos.<br \/>\nEste evento tiene como eje central la inclusi\u00f3n y el apoyo a las mujeres artistas y emprendedoras, muchas de ellas integrantes de colectivas feministas. \u201cEl bazar es una muestra del talento y la creatividad de nuestras compa\u00f1eras, quienes a trav\u00e9s de sus trabajos nos demuestran que el arte y la cultura pueden ser accesibles para todos\u201d, concluy\u00f3 Renata \u00c1vila.<\/p>\n","protected":false},"excerpt":{"rendered":"<p>????* ???????? Este fin de semana, s\u00e1bado 21 y domingo 22 de diciembre, de 12:00 p.m. a 8:00 p.m., se llevar\u00e1 a cabo el Bazar Navide\u00f1o<span class=\"excerpt-hellip\"> [\u2026]<\/span><\/p>\n","protected":false},"author":2,"featured_media":4652,"comment_status":"open","ping_status":"open","sticky":false,"template":"","format":"standard","meta":{"footnotes":""},"categories":[8],"tags":[],"class_list":["post-4651","post","type-post","status-publish","format-standard","has-post-thumbnail","hentry","category-politica"],"_links":{"self":[{"href":"https:\/\/sientetupasion.com\/index.php\/wp-json\/wp\/v2\/posts\/4651","targetHints":{"allow":["GET"]}}],"collection":[{"href":"https:\/\/sientetupasion.com\/index.php\/wp-json\/wp\/v2\/posts"}],"about":[{"href":"https:\/\/sientetupasion.com\/index.php\/wp-json\/wp\/v2\/types\/post"}],"author":[{"embeddable":true,"href":"https:\/\/sientetupasion.com\/index.php\/wp-json\/wp\/v2\/users\/2"}],"replies":[{"embeddable":true,"href":"https:\/\/sientetupasion.com\/index.php\/wp-json\/wp\/v2\/comments?post=4651"}],"version-history":[{"count":1,"href":"https:\/\/sientetupasion.com\/index.php\/wp-json\/wp\/v2\/posts\/4651\/revisions"}],"predecessor-version":[{"id":4653,"href":"https:\/\/sientetupasion.com\/index.php\/wp-json\/wp\/v2\/posts\/4651\/revisions\/4653"}],"wp:featuredmedia":[{"embeddable":true,"href":"https:\/\/sientetupasion.com\/index.php\/wp-json\/wp\/v2\/media\/4652"}],"wp:attachment":[{"href":"https:\/\/sientetupasion.com\/index.php\/wp-json\/wp\/v2\/media?parent=4651"}],"wp:term":[{"taxonomy":"category","embeddable":true,"href":"https:\/\/sientetupasion.com\/index.php\/wp-json\/wp\/v2\/categories?post=4651"},{"taxonomy":"post_tag","embeddable":true,"href":"https:\/\/sientetupasion.com\/index.php\/wp-json\/wp\/v2\/tags?post=4651"}],"curies":[{"name":"wp","href":"https:\/\/api.w.org\/{rel}","templated":true}]}}