{"id":4607,"date":"2024-12-15T08:30:48","date_gmt":"2024-12-15T08:30:48","guid":{"rendered":"https:\/\/sientetupasion.com\/?p=4607"},"modified":"2024-12-15T08:30:48","modified_gmt":"2024-12-15T08:30:48","slug":"arranca-el-primer-festival-de-la-ciudad-de-zacatecas-juntos-construimos-la-navidad","status":"publish","type":"post","link":"https:\/\/sientetupasion.com\/index.php\/2024\/12\/15\/arranca-el-primer-festival-de-la-ciudad-de-zacatecas-juntos-construimos-la-navidad\/","title":{"rendered":"ARRANCA EL PRIMER FESTIVAL DE LA CIUDAD DE ZACATECAS &#8220;JUNTOS CONSTRUIMOS LA NAVIDAD&#8221;"},"content":{"rendered":"<p>\u2022 El festival se llevar\u00e1 a cabo del 12 al 22 de diciembre en el Centro Hist\u00f3rico y comunidades del municipio.<br \/>\n\u2022 M\u00e1s de 28 actividades art\u00edsticas, con teatro, m\u00fasica, danza y folclore, fortalecer\u00e1n la convivencia y el desarrollo cultural.<br \/>\n\u2022 El evento dinamizar\u00e1 la econom\u00eda local y promover\u00e1 a Zacatecas como un destino cultural de referencia.<\/p>\n<p>Zacatecas, Zac.- Con el firme compromiso del alcalde capitalino Miguel Varela Pinedo de impulsar el desarrollo cultural y social del municipio, dio inicio el Primer Festival de la Ciudad de Zacatecas, titulado &#8220;Juntos Construimos la Navidad&#8221;. <\/p>\n<p>Esta celebraci\u00f3n, que se extender\u00e1 del 12 al 22 de diciembre, busca unir a las familias zacatecanas a trav\u00e9s del arte y la cultura, promoviendo el sentido de comunidad y dinamizando la econom\u00eda local.<\/p>\n<p>La inauguraci\u00f3n, llevada a cabo en la Casa Municipal de Cultura \u201cRoberto Cabral del Hoyo\u201d, reuni\u00f3 a cientos de familias que fueron testigos de una clausura emotiva de los Talleres Permanentes 2024, organizados por el DIF Municipal. <\/p>\n<p>La presidenta honor\u00edfica del DIF, Karla Estrada, agradeci\u00f3 a los participantes de estos talleres y destac\u00f3 la importancia de llevar un mensaje de alegr\u00eda y solidaridad a los m\u00e1s de 240 barrios y 22 comunidades del municipio, especialmente en estas fechas navide\u00f1as. <\/p>\n<p>&#8220;Este es un esfuerzo conjunto para mejorar las condiciones de vida de nuestras familias, recordando siempre que la uni\u00f3n y el trabajo en equipo son fundamentales&#8221;, se\u00f1al\u00f3.<\/p>\n<p>Por su parte, Manuel Castillo Romero, secretario de Desarrollo Econ\u00f3mico, subray\u00f3 el impacto positivo que tendr\u00e1 el festival en la vida de la ciudad. <\/p>\n<p>&#8220;A trav\u00e9s de una variada programaci\u00f3n de m\u00e1s de 28 actividades, que incluyen teatro, m\u00fasica, danza, folclore y villancicos, estamos promoviendo nuestras tradiciones y llevando la cultura a espacios emblem\u00e1ticos de Zacatecas. Este evento no solo fortalecer\u00e1 la identidad zacatecana, sino que tambi\u00e9n atraer\u00e1 turistas y generar\u00e1 un impulso econ\u00f3mico en la regi\u00f3n&#8221;, explic\u00f3.<\/p>\n<p>Mar\u00eda del Mar \u00c1vila Ibarg\u00fcengoytia, directora de Arte y Cultura, hizo hincapi\u00e9 en la descentralizaci\u00f3n de las actividades culturales, destacando que el festival llegar\u00e1 a los barrios tradicionales y las comunidades m\u00e1s alejadas, permitiendo que todas y todos puedan disfrutar de momentos de recreaci\u00f3n y esparcimiento cultural. <\/p>\n<p>&#8220;En tiempos dif\u00edciles, la cultura es un lazo que nos une y nos fortalece como sociedad&#8221;, expres\u00f3.<\/p>\n<p>El festival, que incluye villancicos, folclore y expresiones art\u00edsticas tradicionales, promete convertirse en una tradici\u00f3n anual que enriquecer\u00e1 a Zacatecas, posicion\u00e1ndola como un referente cultural en M\u00e9xico.<\/p>\n<p>Este evento no solo busca ofrecer entretenimiento de calidad, sino tambi\u00e9n fomentar la cohesi\u00f3n social, reforzar el sentido de pertenencia y construir un legado cultural que perdure en las pr\u00f3ximas generaciones. <\/p>\n<p>As\u00ed, con la participaci\u00f3n activa de todos, se reafirma el compromiso de que &#8220;Juntos Construimos el Cambio&#8221; en la capital zacatecana, trabajando unidos para hacer de este festival una celebraci\u00f3n inolvidable.<\/p>\n","protected":false},"excerpt":{"rendered":"<p>\u2022 El festival se llevar\u00e1 a cabo del 12 al 22 de diciembre en el Centro Hist\u00f3rico y comunidades del municipio. \u2022 M\u00e1s de 28 actividades<span class=\"excerpt-hellip\"> [\u2026]<\/span><\/p>\n","protected":false},"author":2,"featured_media":4608,"comment_status":"open","ping_status":"open","sticky":false,"template":"","format":"standard","meta":{"footnotes":""},"categories":[16],"tags":[],"class_list":["post-4607","post","type-post","status-publish","format-standard","has-post-thumbnail","hentry","category-zacatecas"],"_links":{"self":[{"href":"https:\/\/sientetupasion.com\/index.php\/wp-json\/wp\/v2\/posts\/4607","targetHints":{"allow":["GET"]}}],"collection":[{"href":"https:\/\/sientetupasion.com\/index.php\/wp-json\/wp\/v2\/posts"}],"about":[{"href":"https:\/\/sientetupasion.com\/index.php\/wp-json\/wp\/v2\/types\/post"}],"author":[{"embeddable":true,"href":"https:\/\/sientetupasion.com\/index.php\/wp-json\/wp\/v2\/users\/2"}],"replies":[{"embeddable":true,"href":"https:\/\/sientetupasion.com\/index.php\/wp-json\/wp\/v2\/comments?post=4607"}],"version-history":[{"count":1,"href":"https:\/\/sientetupasion.com\/index.php\/wp-json\/wp\/v2\/posts\/4607\/revisions"}],"predecessor-version":[{"id":4609,"href":"https:\/\/sientetupasion.com\/index.php\/wp-json\/wp\/v2\/posts\/4607\/revisions\/4609"}],"wp:featuredmedia":[{"embeddable":true,"href":"https:\/\/sientetupasion.com\/index.php\/wp-json\/wp\/v2\/media\/4608"}],"wp:attachment":[{"href":"https:\/\/sientetupasion.com\/index.php\/wp-json\/wp\/v2\/media?parent=4607"}],"wp:term":[{"taxonomy":"category","embeddable":true,"href":"https:\/\/sientetupasion.com\/index.php\/wp-json\/wp\/v2\/categories?post=4607"},{"taxonomy":"post_tag","embeddable":true,"href":"https:\/\/sientetupasion.com\/index.php\/wp-json\/wp\/v2\/tags?post=4607"}],"curies":[{"name":"wp","href":"https:\/\/api.w.org\/{rel}","templated":true}]}}