{"id":4573,"date":"2024-12-14T09:23:30","date_gmt":"2024-12-14T09:23:30","guid":{"rendered":"https:\/\/sientetupasion.com\/?p=4573"},"modified":"2024-12-14T09:23:30","modified_gmt":"2024-12-14T09:23:30","slug":"designa-alejandro-moreno-a-6-jovenes-en-cargos-del-cen-del-pri","status":"publish","type":"post","link":"https:\/\/sientetupasion.com\/index.php\/2024\/12\/14\/designa-alejandro-moreno-a-6-jovenes-en-cargos-del-cen-del-pri\/","title":{"rendered":"DESIGNA ALEJANDRO MORENO A 6 J\u00d3VENES EN CARGOS DEL CEN DEL PRI*"},"content":{"rendered":"<p>*<br \/>\n\u2022 *Fernanda Garc\u00eda es la nueva Secretaria de Comunicaci\u00f3n Institucional; Jorge Tejero, Secretario de Innovaci\u00f3n Digital, y Karla Ayala, Secretaria de Vinculaci\u00f3n con la Sociedad Civil.*<br \/>\n\u2022 *\u201cSeguimos apostando por liderazgos que combinan experiencia, energ\u00eda y una visi\u00f3n de futuro, porque estamos listos para enfrentar los retos del presente y construir el M\u00e9xico que merecemos\u201d, afirm\u00f3 el dirigente nacional del tricolor al anunciar los nombramientos.*<\/p>\n<p>El Presidente del Comit\u00e9 Ejecutivo Nacional (CEN) del Partido Revolucionario Institucional (PRI), Alejandro Moreno, design\u00f3 a un grupo de j\u00f3venes talentosos como integrantes de la dirigencia nacional y asegur\u00f3 que, con ello, el tricolor se consolida como un instituto pol\u00edtico abierto a la juventud mexicana.<\/p>\n<p>El senador y dirigente nacional design\u00f3 a Fernanda Garc\u00eda como nueva Secretaria de Comunicaci\u00f3n Institucional, de quien, dijo, es una joven priista comprometida y con gran experiencia, por lo que confi\u00f3 en que su energ\u00eda, talento y visi\u00f3n ser\u00e1n fundamentales para fortalecer nuestra comunicaci\u00f3n y llevar el mensaje del PRI a cada rinc\u00f3n del pa\u00eds.<\/p>\n<p>En tanto, en la Secretar\u00eda de Innovaci\u00f3n Digital del CEN design\u00f3 a Jorge Tejero, \u201cun joven priista con talento, visi\u00f3n y un firme compromiso, que tendr\u00e1 la tarea de modernizar nuestra estrategia digital y consolidar una comunicaci\u00f3n m\u00e1s efectiva y cercana\u201d.<\/p>\n<p>El Presidente Alejandro Moreno sostuvo que en el PRI \u201cseguimos apostando por liderazgos que combinan experiencia, energ\u00eda y una visi\u00f3n de futuro, porque estamos listos para enfrentar los retos del presente y construir el M\u00e9xico que merecemos\u201d.<\/p>\n<p>Por otra parte, el l\u00edder nacional del tricolor inform\u00f3 que Karla Ayala es la nueva Secretaria de Vinculaci\u00f3n con la Sociedad Civil. Expres\u00f3 que su juventud aportar\u00e1 al partido una nueva visi\u00f3n para fortalecer los lazos con las organizaciones y sectores clave para el desarrollo de M\u00e9xico.<\/p>\n<p>Asimismo, el Presidente del CEN del PRI nombr\u00f3 a Bryan Mendarozqueta Pinto como Secretario de Vinculaci\u00f3n con las Instituciones de Educaci\u00f3n. <\/p>\n<p>Dijo que se trata de un joven que representa el talento y compromiso de una nueva generaci\u00f3n, y se\u00f1al\u00f3 que desde su responsabilidad, trabajar\u00e1 para construir puentes entre el partido y las instituciones educativas, impulsando proyectos que beneficien a las juventudes y fomenten su participaci\u00f3n activa en el desarrollo de M\u00e9xico.<\/p>\n<p>Adem\u00e1s, dio a conocer que Andrea Osuna es la nueva Titular de la Unidad para Prevenir, Atender y Erradicar la Violencia Pol\u00edtica Contra las Mujeres en Raz\u00f3n de G\u00e9nero, y expres\u00f3 que, con su preparaci\u00f3n, compromiso y visi\u00f3n renovada, fortalecer\u00e1 las acciones para garantizar que las mujeres priistas puedan ejercer plenamente sus derechos pol\u00edticos, libres de violencia y en condiciones de igualdad. <\/p>\n<p>Como Coordinador Nacional de Contenidos Audiovisuales del PRI, el Presidente Alejandro Moreno design\u00f3 a Jorge Garc\u00e9s, de quien, dijo, \u201ccon su capacidad y creatividad, contribuir\u00e1 a reforzar el v\u00ednculo del partido con la sociedad, destacando los ideales y proyectos que representan nuestra visi\u00f3n para M\u00e9xico\u201d.<\/p>\n<p>El dirigente nacional del tricolor destac\u00f3 que en el PRI seguimos fortaleciendo nuestro equipo con perfiles que combinan talento y compromiso, siempre trabajando en favor de las grandes causas de M\u00e9xico. <\/p>\n<p>En el Revolucionario Institucional, precis\u00f3, \u201cseguimos abriendo espacios para una nueva generaci\u00f3n de priistas, convencidos de que los j\u00f3venes son el presente y el futuro de nuestro partido\u201d.<\/p>\n<p>&#8212;000&#8212;<\/p>\n","protected":false},"excerpt":{"rendered":"<p>* \u2022 *Fernanda Garc\u00eda es la nueva Secretaria de Comunicaci\u00f3n Institucional; Jorge Tejero, Secretario de Innovaci\u00f3n Digital, y Karla Ayala, Secretaria de Vinculaci\u00f3n con la Sociedad<span class=\"excerpt-hellip\"> [\u2026]<\/span><\/p>\n","protected":false},"author":2,"featured_media":4575,"comment_status":"open","ping_status":"open","sticky":false,"template":"","format":"standard","meta":{"footnotes":""},"categories":[8],"tags":[],"class_list":["post-4573","post","type-post","status-publish","format-standard","has-post-thumbnail","hentry","category-politica"],"_links":{"self":[{"href":"https:\/\/sientetupasion.com\/index.php\/wp-json\/wp\/v2\/posts\/4573","targetHints":{"allow":["GET"]}}],"collection":[{"href":"https:\/\/sientetupasion.com\/index.php\/wp-json\/wp\/v2\/posts"}],"about":[{"href":"https:\/\/sientetupasion.com\/index.php\/wp-json\/wp\/v2\/types\/post"}],"author":[{"embeddable":true,"href":"https:\/\/sientetupasion.com\/index.php\/wp-json\/wp\/v2\/users\/2"}],"replies":[{"embeddable":true,"href":"https:\/\/sientetupasion.com\/index.php\/wp-json\/wp\/v2\/comments?post=4573"}],"version-history":[{"count":1,"href":"https:\/\/sientetupasion.com\/index.php\/wp-json\/wp\/v2\/posts\/4573\/revisions"}],"predecessor-version":[{"id":4574,"href":"https:\/\/sientetupasion.com\/index.php\/wp-json\/wp\/v2\/posts\/4573\/revisions\/4574"}],"wp:featuredmedia":[{"embeddable":true,"href":"https:\/\/sientetupasion.com\/index.php\/wp-json\/wp\/v2\/media\/4575"}],"wp:attachment":[{"href":"https:\/\/sientetupasion.com\/index.php\/wp-json\/wp\/v2\/media?parent=4573"}],"wp:term":[{"taxonomy":"category","embeddable":true,"href":"https:\/\/sientetupasion.com\/index.php\/wp-json\/wp\/v2\/categories?post=4573"},{"taxonomy":"post_tag","embeddable":true,"href":"https:\/\/sientetupasion.com\/index.php\/wp-json\/wp\/v2\/tags?post=4573"}],"curies":[{"name":"wp","href":"https:\/\/api.w.org\/{rel}","templated":true}]}}