{"id":4564,"date":"2024-12-14T09:19:08","date_gmt":"2024-12-14T09:19:08","guid":{"rendered":"https:\/\/sientetupasion.com\/?p=4564"},"modified":"2024-12-14T09:19:08","modified_gmt":"2024-12-14T09:19:08","slug":"jose-narro-cespedes-justicia-para-jose-alberto-espinoza-acuna-y-para-todas-las-familias-zacatecanas-afectadas-por-la-violencia","status":"publish","type":"post","link":"https:\/\/sientetupasion.com\/index.php\/2024\/12\/14\/jose-narro-cespedes-justicia-para-jose-alberto-espinoza-acuna-y-para-todas-las-familias-zacatecanas-afectadas-por-la-violencia\/","title":{"rendered":"Jos\u00e9 Narro C\u00e9spedes: Justicia para Jos\u00e9 Alberto Espinoza Acu\u00f1a y para todas las familias zacatecanas afectadas por la violencia**"},"content":{"rendered":"<p>Como representante popular y zacatecano comprometido con las causas de nuestra tierra, no puedo sino expresar mi m\u00e1s Profundo dolor y consternaci\u00f3n por la tragedia que ha arrebatado la vida del joven qu\u00edmico Jos\u00e9 Alberto Espinoza Acu\u00f1a. Su muerte no solo representa una p\u00e9rdida irreparable para su familia y amigos, sino tambi\u00e9n para nuestra comunidad, que pierde a un profesional ejemplar y un modelo a seguir para la juventud. <\/p>\n<p>Jos\u00e9 Alberto se distingui\u00f3 por su compromiso con la ciencia y su destacada trayectoria en el \u00e1mbito qu\u00edmico, un reflejo del talento y la dedicaci\u00f3n que caracteriza a nuestra gente. Sin embargo, su tr\u00e1gico caso pone nuevamente sobre la mesa la necesidad de atender de manera urgente y prioritaria la crisis de inseguridad que afecta a Zacatecas y a todo el pa\u00eds. Hago un llamado enf\u00e1tico a la Fiscal\u00eda General de Justicia del Estado de Zacatecas para que lleve a cabo una investigaci\u00f3n exhaustiva, transparente e imparcial, que esclarezca las circunstancias de este lamentable hecho y garantice justicia para Jos\u00e9 Alberto y su familia. <\/p>\n<p>La confianza en las instituciones de justicia se fortalece \u00fanicamente cuando las autoridades act\u00faan con prontitud y apego a la verdad. Este caso, al igual que tantos otros que han golpeado a nuestro estado, es un recordatorio doloroso de la crisis de violencia que nos aqueja. Es inaceptable que nuestras calles se conviertan en escenarios de miedo y que las familias zacatecanas vivan bajo la sombra de la incertidumbre y el sufrimiento. Por ello, desde mi responsabilidad como diputado federal, reitero mi compromiso de seguir impulsando pol\u00edticas p\u00fablicas y reformas que prioricen la seguridad, la justicia y la paz social. Necesitamos actuar con decisi\u00f3n y eficacia para proteger la vida y los derechos fundamentales de nuestra gente.<br \/>\nJos\u00e9 Alberto Espinoza Acu\u00f1a merece justicia, y su caso nos exige reflexionar y actuar. No podemos permitir que m\u00e1s familias zacatecanas enfrenten el dolor de perder a sus seres queridos sin respuestas ni soluciones. Este es un momento crucial para que las autoridades estatales y federales trabajemos en unidad para garantizar un Zacatecas m\u00e1s seguro y justo. <\/p>\n<p>Acompa\u00f1o solidariamente a la familia de Jos\u00e9 Alberto en su exigencia de justicia, y me sumo al llamado de todas aquellas familias que buscan a sus seres queridos desaparecidos en Zacatecas. \u00a1No est\u00e1n solas! Trabajamos juntos para construir un futuro donde las tragedias como esta no vuelvan a repetirse. \u00a1Justicia para Jos\u00e9 Alberto Espinoza Acu\u00f1a y para todas las v\u00edctimas de la violencia en Zacatecas!<\/p>\n","protected":false},"excerpt":{"rendered":"<p>Como representante popular y zacatecano comprometido con las causas de nuestra tierra, no puedo sino expresar mi m\u00e1s Profundo dolor y consternaci\u00f3n por la tragedia que<span class=\"excerpt-hellip\"> [\u2026]<\/span><\/p>\n","protected":false},"author":2,"featured_media":4565,"comment_status":"open","ping_status":"open","sticky":false,"template":"","format":"standard","meta":{"footnotes":""},"categories":[8],"tags":[],"class_list":["post-4564","post","type-post","status-publish","format-standard","has-post-thumbnail","hentry","category-politica"],"_links":{"self":[{"href":"https:\/\/sientetupasion.com\/index.php\/wp-json\/wp\/v2\/posts\/4564","targetHints":{"allow":["GET"]}}],"collection":[{"href":"https:\/\/sientetupasion.com\/index.php\/wp-json\/wp\/v2\/posts"}],"about":[{"href":"https:\/\/sientetupasion.com\/index.php\/wp-json\/wp\/v2\/types\/post"}],"author":[{"embeddable":true,"href":"https:\/\/sientetupasion.com\/index.php\/wp-json\/wp\/v2\/users\/2"}],"replies":[{"embeddable":true,"href":"https:\/\/sientetupasion.com\/index.php\/wp-json\/wp\/v2\/comments?post=4564"}],"version-history":[{"count":1,"href":"https:\/\/sientetupasion.com\/index.php\/wp-json\/wp\/v2\/posts\/4564\/revisions"}],"predecessor-version":[{"id":4566,"href":"https:\/\/sientetupasion.com\/index.php\/wp-json\/wp\/v2\/posts\/4564\/revisions\/4566"}],"wp:featuredmedia":[{"embeddable":true,"href":"https:\/\/sientetupasion.com\/index.php\/wp-json\/wp\/v2\/media\/4565"}],"wp:attachment":[{"href":"https:\/\/sientetupasion.com\/index.php\/wp-json\/wp\/v2\/media?parent=4564"}],"wp:term":[{"taxonomy":"category","embeddable":true,"href":"https:\/\/sientetupasion.com\/index.php\/wp-json\/wp\/v2\/categories?post=4564"},{"taxonomy":"post_tag","embeddable":true,"href":"https:\/\/sientetupasion.com\/index.php\/wp-json\/wp\/v2\/tags?post=4564"}],"curies":[{"name":"wp","href":"https:\/\/api.w.org\/{rel}","templated":true}]}}