{"id":4545,"date":"2024-12-13T07:25:04","date_gmt":"2024-12-13T07:25:04","guid":{"rendered":"https:\/\/sientetupasion.com\/?p=4545"},"modified":"2024-12-13T07:25:04","modified_gmt":"2024-12-13T07:25:04","slug":"academicos-e-investigadores-de-latinoamerica-disertan-en-zacatecas-sobre-la-practica-docente","status":"publish","type":"post","link":"https:\/\/sientetupasion.com\/index.php\/2024\/12\/13\/academicos-e-investigadores-de-latinoamerica-disertan-en-zacatecas-sobre-la-practica-docente\/","title":{"rendered":"Acad\u00e9micos e investigadores de Latinoam\u00e9rica disertan en Zacatecas sobre la pr\u00e1ctica docente"},"content":{"rendered":"<p>\u25aa\tPara el Gobierno de Zacatecas es fundamental profesionalizar a las y los maestros, ya que en sus manos est\u00e1 formar buenos ciudadanos: \u00c1lvaro Rodr\u00edguez<br \/>\n\u25aa\tSe presentar\u00e1n 190 ponencias, 151 de manera presencial y 39 de manera virtual, nueve videos, 22 libros y 10 talleres<\/p>\n<p>Zacatecas, Zac., 12 de diciembre de 2024.- Acad\u00e9micos, investigadores y maestros de cinco pa\u00edses de Latinoam\u00e9rica y de 16 estados de M\u00e9xico convergen en Zacatecas, en el Segundo Congreso Internacional de Investigaci\u00f3n Educativa \u201cFormaci\u00f3n y Pr\u00e1ctica Docente\u201d 2024.<\/p>\n<p>Con esto, se genera un espacio de di\u00e1logo acad\u00e9mico entre investigadores, docentes, estudiantes y profesionales nacionales y extranjeros, que permita el conocimiento, an\u00e1lisis y reflexi\u00f3n sobre los procesos de formaci\u00f3n en la pr\u00e1ctica docente.<\/p>\n<p>En representaci\u00f3n del Gobernador David Monreal \u00c1vila y de la Secretaria de Educaci\u00f3n, Mar\u00eda del Carmen Salinas Flores, el Subsecretario de Educaci\u00f3n Media y Superior, \u00c1lvaro Rodr\u00edguez Mart\u00ednez, expres\u00f3 que, para la actual administraci\u00f3n, es fundamental contribuir en la profesionalizaci\u00f3n de maestras y maestros, ya que su funci\u00f3n es formar hombres y mujeres de bien.<\/p>\n<p>Felicit\u00f3 a la Benem\u00e9rita Escuela Normal Manuel \u00c1vila Camacho (BENMAC) por haber hecho posible la generaci\u00f3n de este espacio, en el que confluyen ideas y experiencias que, \u201csin lugar a dudas, enriquecer\u00e1n la pr\u00e1ctica docente en el estado\u201d.<\/p>\n<p>Con este congreso se busca poner al centro el debate sobre la investigaci\u00f3n educativa, al proponer formas diversas con la presentaci\u00f3n de ponencias, libros y videos, as\u00ed como la actualizaci\u00f3n en la formaci\u00f3n docente con talleres que contengan tem\u00e1ticas actuales.<\/p>\n<p>Jos\u00e9 Manuel Medell\u00edn Gonz\u00e1lez, director de la BENMAC, se\u00f1al\u00f3 que, con este congreso, las instituciones formadoras de docentes refrendan su compromiso social al promover espacios de divulgaci\u00f3n, reflexi\u00f3n y an\u00e1lisis, que posibiliten la transformaci\u00f3n de pr\u00e1cticas educativas innovadoras y que repercutan directamente en la generaci\u00f3n de aprendizajes de calidad. <\/p>\n<p>En la edici\u00f3n 2023, se logr\u00f3 la presentaci\u00f3n de 112 ponencias, ocho videos, seis libros y 10 talleres, un libro digital titulado \u201cInvestigaciones educativas en la formaci\u00f3n y pr\u00e1ctica docente\u201d, que se puede consultar en la p\u00e1gina web de la instituci\u00f3n. <\/p>\n<p>En esta edici\u00f3n, en la que participan ponentes y asistentes de Jalisco, Tamaulipas, Sonora, Veracruz, Aguascalientes, San Luis Potos\u00ed, Durango, Yucat\u00e1n, Nuevo Le\u00f3n, Puebla, Chihuahua, Quintana Roo, Guanajuato, Ciudad de M\u00e9xico, Estado de M\u00e9xico, Baja California, Argentina, Brasil, Cuba, Rep\u00fablica Dominicana, Colombia y Zacatecas, se presentar\u00e1n 190 ponencias, 151 de manera presencial y 39 de manera virtual, 9 videos, 22 libros y 10 talleres, y el producto de este espacio ser\u00e1 un segundo libro.  <\/p>\n<p>Se impartir\u00e1n cuatro conferencias magistrales tituladas Tensiones en la formaci\u00f3n docente, Tendencias de la investigaci\u00f3n educativa en la formaci\u00f3n docente, Investigaci\u00f3n en el aula y Estrategias emergentes para la sistematizaci\u00f3n de la investigaci\u00f3n, a cargo de los ponentes Emilio Tenti Fanfani, Jaime Calder\u00f3n L\u00f3pez Velarde, Lya Sa\u00f1udo Guerra y Alberto Ram\u00edrez Martinell.  <\/p>\n<p>\u2014ooOoo\u2014<\/p>\n","protected":false},"excerpt":{"rendered":"<p>\u25aa Para el Gobierno de Zacatecas es fundamental profesionalizar a las y los maestros, ya que en sus manos est\u00e1 formar buenos ciudadanos: \u00c1lvaro Rodr\u00edguez \u25aa<span class=\"excerpt-hellip\"> [\u2026]<\/span><\/p>\n","protected":false},"author":2,"featured_media":4547,"comment_status":"open","ping_status":"open","sticky":false,"template":"","format":"standard","meta":{"footnotes":""},"categories":[8],"tags":[],"class_list":["post-4545","post","type-post","status-publish","format-standard","has-post-thumbnail","hentry","category-politica"],"_links":{"self":[{"href":"https:\/\/sientetupasion.com\/index.php\/wp-json\/wp\/v2\/posts\/4545","targetHints":{"allow":["GET"]}}],"collection":[{"href":"https:\/\/sientetupasion.com\/index.php\/wp-json\/wp\/v2\/posts"}],"about":[{"href":"https:\/\/sientetupasion.com\/index.php\/wp-json\/wp\/v2\/types\/post"}],"author":[{"embeddable":true,"href":"https:\/\/sientetupasion.com\/index.php\/wp-json\/wp\/v2\/users\/2"}],"replies":[{"embeddable":true,"href":"https:\/\/sientetupasion.com\/index.php\/wp-json\/wp\/v2\/comments?post=4545"}],"version-history":[{"count":1,"href":"https:\/\/sientetupasion.com\/index.php\/wp-json\/wp\/v2\/posts\/4545\/revisions"}],"predecessor-version":[{"id":4546,"href":"https:\/\/sientetupasion.com\/index.php\/wp-json\/wp\/v2\/posts\/4545\/revisions\/4546"}],"wp:featuredmedia":[{"embeddable":true,"href":"https:\/\/sientetupasion.com\/index.php\/wp-json\/wp\/v2\/media\/4547"}],"wp:attachment":[{"href":"https:\/\/sientetupasion.com\/index.php\/wp-json\/wp\/v2\/media?parent=4545"}],"wp:term":[{"taxonomy":"category","embeddable":true,"href":"https:\/\/sientetupasion.com\/index.php\/wp-json\/wp\/v2\/categories?post=4545"},{"taxonomy":"post_tag","embeddable":true,"href":"https:\/\/sientetupasion.com\/index.php\/wp-json\/wp\/v2\/tags?post=4545"}],"curies":[{"name":"wp","href":"https:\/\/api.w.org\/{rel}","templated":true}]}}