{"id":4332,"date":"2024-12-07T17:48:51","date_gmt":"2024-12-07T17:48:51","guid":{"rendered":"https:\/\/sientetupasion.com\/?p=4332"},"modified":"2024-12-07T17:48:51","modified_gmt":"2024-12-07T17:48:51","slug":"con-4to-rally-por-la-inclusion-conmemora-gobierno-de-zacatecas-dia-internacional-de-las-personas-con-discapacidad","status":"publish","type":"post","link":"https:\/\/sientetupasion.com\/index.php\/2024\/12\/07\/con-4to-rally-por-la-inclusion-conmemora-gobierno-de-zacatecas-dia-internacional-de-las-personas-con-discapacidad\/","title":{"rendered":"Con 4to. Rally por la Inclusi\u00f3n, conmemora Gobierno de Zacatecas D\u00eda Internacional de las Personas con Discapacidad"},"content":{"rendered":"<p>\u25aa  Fortalecer la inclusi\u00f3n en la sociedad de las personas con discapacidad, el objetivo<br \/>\n\u25aa  Se busca promover la convivencia y solidaridad hacia las personas que viven alg\u00fan tipo de discapacidad<\/p>\n<p>Jerez, Zac., 6 de diciembre de 2024.- Con el objetivo de fortalecer la inclusi\u00f3n en la sociedad de las personas con discapacidad, el Gobierno de Zacatecas, que encabeza el mandatario estatal David Monreal \u00c1vila, a trav\u00e9s del Instituto para la Atenci\u00f3n e Inclusi\u00f3n de las Personas con Discapacidad, en coordinaci\u00f3n con el Ayuntamiento de Jerez, realiz\u00f3 el 4to. Rally por la Inclusi\u00f3n, en el marco del D\u00eda Internacional de la Personas con Discapacidad. <\/p>\n<p>Esta actividad se realiz\u00f3 en el Pueblo M\u00e1gico de Jerez, a fin de promover la convivencia y solidaridad hacia las personas que viven alg\u00fan tipo de discapacidad, afrontando de manera conjunta los retos que d\u00eda con d\u00eda deben superar, como son las condiciones arquitect\u00f3nicas o las actitudes socioculturales, para hacer efectiva su inclusi\u00f3n social en un \u00e1mbito donde impere el respeto y ejercicio pleno de derechos.<\/p>\n<p>Con la participaci\u00f3n de 40 servidores p\u00fablicos, prestadores de servicios del municipio de Jerez y personas con discapacidad, con equipos identificados con los colores azul, verde, amarillo, naranja y rosa, se realiz\u00f3 un recorrido para superar los retos y desaf\u00edos, todo esto para generar empat\u00eda hacia este sector de la sociedad.<\/p>\n<p>Los equipos se integraron por personas con y sin discapacidad, quienes tuvieron que vivir las diversas circunstancias a las que una persona con alguna condici\u00f3n se enfrenta a sus actividades cotidianas, como puede ser el uso del transporte, pasear por el centro del Pueblo M\u00e1gico de Jerez, solicitar alg\u00fan servicio, entre otras.<\/p>\n<p>Felipe Rivera, encargado de la Direcci\u00f3n Jur\u00eddica del Instituto de Inclusi\u00f3n, en representaci\u00f3n de Miriam Garc\u00eda Zamora, titular de la dependencia, agradeci\u00f3 a todas y todos los participantes por mostrar empat\u00eda y disposici\u00f3n para la realizaci\u00f3n de este tipo de eventos, con el fin de visibilizar las dificultades y desaf\u00edos que este sector de la poblaci\u00f3n enfrenta diariamente.<\/p>\n<p>El Presidente Municipal de Jerez, Rodrigo Ure\u00f1o Ba\u00f1uelos, acompa\u00f1ado de su esposa la Presidenta Honorifica del Sistema Municipal para el Desarrollo Integral de la Familia (SMDIF), Estefan\u00eda Casas Gonz\u00e1lez, quien participo en el rally, agradeci\u00f3 la suma de distintas dependencias en favor de los sectores prioritarios de la poblaci\u00f3n, al igual que a la iniciativa privada, que decidi\u00f3 unirse, con lo que se reafirma el compromiso hacia las personas con discapacidad.<\/p>\n<p>\u2014ooOoo\u2014<\/p>\n","protected":false},"excerpt":{"rendered":"<p>\u25aa Fortalecer la inclusi\u00f3n en la sociedad de las personas con discapacidad, el objetivo \u25aa Se busca promover la convivencia y solidaridad hacia las personas que<span class=\"excerpt-hellip\"> [\u2026]<\/span><\/p>\n","protected":false},"author":2,"featured_media":4334,"comment_status":"open","ping_status":"open","sticky":false,"template":"","format":"standard","meta":{"footnotes":""},"categories":[16],"tags":[],"class_list":["post-4332","post","type-post","status-publish","format-standard","has-post-thumbnail","hentry","category-zacatecas"],"_links":{"self":[{"href":"https:\/\/sientetupasion.com\/index.php\/wp-json\/wp\/v2\/posts\/4332","targetHints":{"allow":["GET"]}}],"collection":[{"href":"https:\/\/sientetupasion.com\/index.php\/wp-json\/wp\/v2\/posts"}],"about":[{"href":"https:\/\/sientetupasion.com\/index.php\/wp-json\/wp\/v2\/types\/post"}],"author":[{"embeddable":true,"href":"https:\/\/sientetupasion.com\/index.php\/wp-json\/wp\/v2\/users\/2"}],"replies":[{"embeddable":true,"href":"https:\/\/sientetupasion.com\/index.php\/wp-json\/wp\/v2\/comments?post=4332"}],"version-history":[{"count":1,"href":"https:\/\/sientetupasion.com\/index.php\/wp-json\/wp\/v2\/posts\/4332\/revisions"}],"predecessor-version":[{"id":4333,"href":"https:\/\/sientetupasion.com\/index.php\/wp-json\/wp\/v2\/posts\/4332\/revisions\/4333"}],"wp:featuredmedia":[{"embeddable":true,"href":"https:\/\/sientetupasion.com\/index.php\/wp-json\/wp\/v2\/media\/4334"}],"wp:attachment":[{"href":"https:\/\/sientetupasion.com\/index.php\/wp-json\/wp\/v2\/media?parent=4332"}],"wp:term":[{"taxonomy":"category","embeddable":true,"href":"https:\/\/sientetupasion.com\/index.php\/wp-json\/wp\/v2\/categories?post=4332"},{"taxonomy":"post_tag","embeddable":true,"href":"https:\/\/sientetupasion.com\/index.php\/wp-json\/wp\/v2\/tags?post=4332"}],"curies":[{"name":"wp","href":"https:\/\/api.w.org\/{rel}","templated":true}]}}