{"id":4264,"date":"2024-12-06T17:09:41","date_gmt":"2024-12-06T17:09:41","guid":{"rendered":"https:\/\/sientetupasion.com\/?p=4264"},"modified":"2024-12-06T17:09:41","modified_gmt":"2024-12-06T17:09:41","slug":"con-programa-especial-zacatecas-rendira-homenaje-al-pintor-y-escritor-armando-haro-a-10-anos-de-su-fallecimiento","status":"publish","type":"post","link":"https:\/\/sientetupasion.com\/index.php\/2024\/12\/06\/con-programa-especial-zacatecas-rendira-homenaje-al-pintor-y-escritor-armando-haro-a-10-anos-de-su-fallecimiento\/","title":{"rendered":"Con programa especial, Zacatecas rendir\u00e1 homenaje al pintor y escritor Armando Haro, a 10 a\u00f1os de su fallecimiento"},"content":{"rendered":"<p>\u25aa M\u00fasica, literatura y la apertura de la exposici\u00f3n &#8220;Viaje \u00edntimo al para\u00edso&#8221; son las actividades que se desarrollar\u00e1n en el Museo de Arte Abstracto \u201cManuel Felgu\u00e9rez\u201d<br \/>\n\u25aa Ser\u00e1 este viernes 6 de diciembre, a partir de las 17:00 horas<\/p>\n<p>Zacatecas, Zac., 5 de diciembre de 2024.-  Este viernes 6 de diciembre, a partir de las 17:00 horas, en la Sala de los Zacatecanos, del Museo de Arte Abstracto &#8220;Manuel Felgu\u00e9rez&#8221;, ser\u00e1 inaugurada la exposici\u00f3n &#8220;Viaje \u00edntimo al para\u00edso&#8221;, muestra dedicada al artista y escritor zacatecano Armando Haro, en conmemoraci\u00f3n del X aniversario de su partida. Este homenaje reunir\u00e1 a artistas, acad\u00e9micos, familiares y amigos en una emotiva celebraci\u00f3n de su vida y obra.<\/p>\n<p>Organizado por el Gobierno del Estado, a trav\u00e9s del Instituto Zacatecano de Cultura (IZC) \u201cRam\u00f3n L\u00f3pez Velarde\u201d y el Museo de Arte Abstracto, el homenaje incluir\u00e1 un variado repertorio de actividades culturales, como la participaci\u00f3n del grupo de blues Bajo Protesta, conciertos de piano y saxof\u00f3n, la lectura de ensayo y poes\u00eda, as\u00ed como reflexiones sobre la visi\u00f3n filos\u00f3fica y art\u00edstica de Haro. <\/p>\n<p>Armando Haro M\u00e1rquez, quien naci\u00f3 el 3 de agosto de 1974 y falleci\u00f3 el 3 de diciembre de 2014, fue un creador multidisciplinario, cuya trayectoria abarc\u00f3 desde las artes visuales hasta la filosof\u00eda y la docencia; estuvo comprometido con la exploraci\u00f3n intelectual y su pasi\u00f3n por compartir el conocimiento, elementos que marcaron profundamente a quienes lo conocieron. <\/p>\n<p>\u201cDespu\u00e9s de dedicarme tanto a estudios, experimentaciones y exploraciones, yo creo que la mejor manera de retribuirlo a la sociedad es compartirlo con las nuevas generaciones\u201d, afirm\u00f3 Haro, al sintetizar su legado.<\/p>\n<p>El trabajo de Armando Haro ha sido descrito como un puente entre la biolog\u00eda, la poes\u00eda y el arte. Mauricio D\u00edaz lo define como un &#8220;poema visual microsc\u00f3pico y c\u00f3smico de amor y creaci\u00f3n&#8221;, mientras que M\u00f3nica Romo Rangel se refiere a su &#8220;fest\u00edn pict\u00f3rico&#8221; como un viaje a los inframundos marinos, lleno de humor y simbolismo. Su visi\u00f3n \u00fanica fusion\u00f3 disciplinas para crear un lenguaje art\u00edstico profundamente original.<\/p>\n<p>\u2014ooOoo\u2014<\/p>\n","protected":false},"excerpt":{"rendered":"<p>\u25aa M\u00fasica, literatura y la apertura de la exposici\u00f3n &#8220;Viaje \u00edntimo al para\u00edso&#8221; son las actividades que se desarrollar\u00e1n en el Museo de Arte Abstracto \u201cManuel<span class=\"excerpt-hellip\"> [\u2026]<\/span><\/p>\n","protected":false},"author":2,"featured_media":4265,"comment_status":"open","ping_status":"open","sticky":false,"template":"","format":"standard","meta":{"footnotes":""},"categories":[16],"tags":[],"class_list":["post-4264","post","type-post","status-publish","format-standard","has-post-thumbnail","hentry","category-zacatecas"],"_links":{"self":[{"href":"https:\/\/sientetupasion.com\/index.php\/wp-json\/wp\/v2\/posts\/4264","targetHints":{"allow":["GET"]}}],"collection":[{"href":"https:\/\/sientetupasion.com\/index.php\/wp-json\/wp\/v2\/posts"}],"about":[{"href":"https:\/\/sientetupasion.com\/index.php\/wp-json\/wp\/v2\/types\/post"}],"author":[{"embeddable":true,"href":"https:\/\/sientetupasion.com\/index.php\/wp-json\/wp\/v2\/users\/2"}],"replies":[{"embeddable":true,"href":"https:\/\/sientetupasion.com\/index.php\/wp-json\/wp\/v2\/comments?post=4264"}],"version-history":[{"count":1,"href":"https:\/\/sientetupasion.com\/index.php\/wp-json\/wp\/v2\/posts\/4264\/revisions"}],"predecessor-version":[{"id":4266,"href":"https:\/\/sientetupasion.com\/index.php\/wp-json\/wp\/v2\/posts\/4264\/revisions\/4266"}],"wp:featuredmedia":[{"embeddable":true,"href":"https:\/\/sientetupasion.com\/index.php\/wp-json\/wp\/v2\/media\/4265"}],"wp:attachment":[{"href":"https:\/\/sientetupasion.com\/index.php\/wp-json\/wp\/v2\/media?parent=4264"}],"wp:term":[{"taxonomy":"category","embeddable":true,"href":"https:\/\/sientetupasion.com\/index.php\/wp-json\/wp\/v2\/categories?post=4264"},{"taxonomy":"post_tag","embeddable":true,"href":"https:\/\/sientetupasion.com\/index.php\/wp-json\/wp\/v2\/tags?post=4264"}],"curies":[{"name":"wp","href":"https:\/\/api.w.org\/{rel}","templated":true}]}}