{"id":4061,"date":"2024-11-29T04:33:08","date_gmt":"2024-11-29T04:33:08","guid":{"rendered":"https:\/\/sientetupasion.com\/?p=4061"},"modified":"2024-11-29T04:33:08","modified_gmt":"2024-11-29T04:33:08","slug":"inauguran-en-el-museo-rafael-coronel-la-exposicion-azucares-sacras","status":"publish","type":"post","link":"https:\/\/sientetupasion.com\/index.php\/2024\/11\/29\/inauguran-en-el-museo-rafael-coronel-la-exposicion-azucares-sacras\/","title":{"rendered":"Inauguran en el Museo Rafael Coronel la exposici\u00f3n \u201cAz\u00facares Sacras\u201d"},"content":{"rendered":"<p>\u25aa\ufe0fEsta muestra integra m\u00e1s de mil piezas de az\u00facar, adem\u00e1s de volantes originales de Jos\u00e9 Guadalupe Posada, arte prehisp\u00e1nico y m\u00e1scaras<br \/>\n\u25aa\ufe0fAbren dos salas temporales con obras de Rafael Coronel y fotograf\u00edas de Juan Coronel Rivera<\/p>\n<p>Zacatecas, Zac., 28 de noviembre de 2024.-\u00a0\u00a0Con m\u00e1s de mil piezas de alfe\u00f1iques que retratan la rica tradici\u00f3n de la dulcer\u00eda ritual mexicana, fue inaugurada, en el Museo Rafael Coronel,  la exposici\u00f3n \u201cAz\u00facares Sacras\u201d, evento realizado por el Gobierno de Zacatecas, a trav\u00e9s del Instituto Zacatecano de Cultura (IZC) \u201cRam\u00f3n L\u00f3pez Velarde\u201d.<\/p>\n<p>Bajo la curadur\u00eda de Juan Coronel Rivera y Ra\u00fal Cano, esta muestra, que se enmarca en la Agenda por la Paz, implementada por el Gobernador David Monreal \u00c1vila, ofrece un recorrido cultural desde los or\u00edgenes prehisp\u00e1nicos de la dulcer\u00eda mexicana hasta sus expresiones modernas, destacando la evoluci\u00f3n de esta tradici\u00f3n \u00fanica.<\/p>\n<p>Durante la inauguraci\u00f3n, la Directora General del IZC, Mar\u00eda de Jes\u00fas Mu\u00f1oz Reyes, destac\u00f3 la relevancia de esta exposici\u00f3n para la historia del arte mexicano. <\/p>\n<p>\u201cEstas piezas de alfe\u00f1ique no s\u00f3lo representan una tradici\u00f3n, tambi\u00e9n dialogan con el lenguaje escult\u00f3rico y nos invitan a reflexionar sobre nuestra identidad cultural y su transformaci\u00f3n a lo largo del tiempo\u201d, se\u00f1al\u00f3.<\/p>\n<p>La exposici\u00f3n llev\u00f3 al museo a proponer nuevas salas de exhibici\u00f3n, que dignifican y ampl\u00edan los espacios del recinto, rindiendo homenaje a las diversas expresiones del arte y a la invaluable colecci\u00f3n del Museo Rafael Coronel.<\/p>\n<p>Antes, el curador de esta exposici\u00f3n, Juan Rafael Coronel Rivera, explic\u00f3 que el montaje de esta muestra fue el resultado de una d\u00e9cada de trabajo. \u201cEstos dulces rituales son s\u00edmbolos de celebraci\u00f3n, preservaci\u00f3n cultural y creatividad. Exhibirlos aqu\u00ed les otorga un lugar digno como expresi\u00f3n de arte popular\u201d, afirm\u00f3.<\/p>\n<p>De igual forma, el Director del museo, Miguel \u00c1ngel D\u00edaz Castorena, dio la bienvenida a los asistentes y agradeci\u00f3 su inter\u00e9s por apreciar una muestra que celebra el sincretismo cultural de M\u00e9xico.<\/p>\n<p>Posteriormente, se realiz\u00f3 un recorrido por la exposici\u00f3n; se pudo apreciar una amplia variedad de figuras de frutas, animales, motivos religiosos, calaveras y representaciones contempor\u00e1neas, como m\u00e1quinas y oficios, todas elaboradas con az\u00facar.<\/p>\n<p>Asimismo, se exhiben volantes del grabador Jos\u00e9 Guadalupe Posada, piezas de arte prehisp\u00e1nico y m\u00e1scaras de la colecci\u00f3n del museo, ampliando la narrativa cultural de la muestra.<\/p>\n<p>Adem\u00e1s, se llev\u00f3 a cabo la reapertura de dos salas de exposiciones temporales. Una de ellas presenta obras de la serie \u201cEstudio de Ballet\u201d de Rafael Coronel, mientras que la otra exhibe una colecci\u00f3n de fotograf\u00edas en blanco y negro del propio curador Juan Rafael Coronel Rivera, creando un contraste entre la tradici\u00f3n y la modernidad art\u00edstica.<\/p>\n<p>\u2014ooOoo\u2014<\/p>\n","protected":false},"excerpt":{"rendered":"<p>\u25aa\ufe0fEsta muestra integra m\u00e1s de mil piezas de az\u00facar, adem\u00e1s de volantes originales de Jos\u00e9 Guadalupe Posada, arte prehisp\u00e1nico y m\u00e1scaras \u25aa\ufe0fAbren dos salas temporales con<span class=\"excerpt-hellip\"> [\u2026]<\/span><\/p>\n","protected":false},"author":2,"featured_media":4062,"comment_status":"open","ping_status":"open","sticky":false,"template":"","format":"standard","meta":{"footnotes":""},"categories":[16],"tags":[],"class_list":["post-4061","post","type-post","status-publish","format-standard","has-post-thumbnail","hentry","category-zacatecas"],"_links":{"self":[{"href":"https:\/\/sientetupasion.com\/index.php\/wp-json\/wp\/v2\/posts\/4061","targetHints":{"allow":["GET"]}}],"collection":[{"href":"https:\/\/sientetupasion.com\/index.php\/wp-json\/wp\/v2\/posts"}],"about":[{"href":"https:\/\/sientetupasion.com\/index.php\/wp-json\/wp\/v2\/types\/post"}],"author":[{"embeddable":true,"href":"https:\/\/sientetupasion.com\/index.php\/wp-json\/wp\/v2\/users\/2"}],"replies":[{"embeddable":true,"href":"https:\/\/sientetupasion.com\/index.php\/wp-json\/wp\/v2\/comments?post=4061"}],"version-history":[{"count":1,"href":"https:\/\/sientetupasion.com\/index.php\/wp-json\/wp\/v2\/posts\/4061\/revisions"}],"predecessor-version":[{"id":4063,"href":"https:\/\/sientetupasion.com\/index.php\/wp-json\/wp\/v2\/posts\/4061\/revisions\/4063"}],"wp:featuredmedia":[{"embeddable":true,"href":"https:\/\/sientetupasion.com\/index.php\/wp-json\/wp\/v2\/media\/4062"}],"wp:attachment":[{"href":"https:\/\/sientetupasion.com\/index.php\/wp-json\/wp\/v2\/media?parent=4061"}],"wp:term":[{"taxonomy":"category","embeddable":true,"href":"https:\/\/sientetupasion.com\/index.php\/wp-json\/wp\/v2\/categories?post=4061"},{"taxonomy":"post_tag","embeddable":true,"href":"https:\/\/sientetupasion.com\/index.php\/wp-json\/wp\/v2\/tags?post=4061"}],"curies":[{"name":"wp","href":"https:\/\/api.w.org\/{rel}","templated":true}]}}