{"id":4004,"date":"2024-11-28T01:47:07","date_gmt":"2024-11-28T01:47:07","guid":{"rendered":"https:\/\/sientetupasion.com\/?p=4004"},"modified":"2024-11-28T01:47:07","modified_gmt":"2024-11-28T01:47:07","slug":"apoya-pan-consulta-ciudadana-de-trabajadores-del-poder-judicial-para-hacer-valer-division-de-poderes-noemi-luna","status":"publish","type":"post","link":"https:\/\/sientetupasion.com\/index.php\/2024\/11\/28\/apoya-pan-consulta-ciudadana-de-trabajadores-del-poder-judicial-para-hacer-valer-division-de-poderes-noemi-luna\/","title":{"rendered":"APOYA PAN \u201cCONSULTA CIUDADANA\u201d DE TRABAJADORES DEL PODER JUDICIAL PARA HACER VALER DIVISI\u00d3N DE PODERES: NOEM\u00cd LUNA"},"content":{"rendered":"<p>\u2022 La recolecci\u00f3n de 2 millones de firmas, esfuerzo valiente para hacer uso de un control constitucional que apoyamos: Noem\u00ed Luna<br \/>\n\u2022 Si Morena tiene los n\u00fameros, que no tema poner sobre la mesa el instrumento de la Consulta Popular: Paulina Rubio<br \/>\n\u2022 Retamos a Morena a que \u201csuelte al tigre\u201d y vengan a la consulta para que la gente diga si est\u00e1 o no de acuerdo con elecci\u00f3n de juzgadores: Rafael Covarrubias<br \/>\n\u2022 Basta con descargar App \u201cApoyo Ciudadano\u201d, tomarse una selfie y firmar. \u201cContrapeso Ciudadano\u201d e INE verifican autenticidad: Francisco Ju\u00e1rez Pi\u00f1a<\/p>\n<p>La fracci\u00f3n del Partido Acci\u00f3n Nacional (PAN) en la C\u00e1mara de Diputados, encabezada por la coordinadora Noem\u00ed Luna, hizo p\u00fablico su respaldo a trabajadoras y trabajadores del Poder Judicial que emprendieron la recolecci\u00f3n de casi 2 millones de firmas, para lograr que el INE impulse el a\u00f1o pr\u00f3ximo una \u201cConsulta Ciudadana\u201d para preguntar a la poblaci\u00f3n si est\u00e1 de acuerdo con votar por jueces, magistrados y ministros o que sean definidos por carrera judicial.<\/p>\n<p>En conferencia de prensa, a la que se dieron cita legisladoras y legisladores de la primera fuerza pol\u00edtica de oposici\u00f3n de la naci\u00f3n, as\u00ed como los secretarios de juzgado Alfredo Ysrael Mej\u00eda Anaya, Rafael Covarrubias Mercado, Marie de Guadalupe Mar\u00edn Valerio (coordinadora t\u00e9cnica administrativa) y Francisco Ju\u00e1rez Pi\u00f1a (activista promotor), se hizo un llamado a las y los mexicanos a apoyar con su firma la petici\u00f3n.<\/p>\n<p>\u201cEn el art\u00edculo 34 fracci\u00f3n s\u00e9ptima de nuestra Constituci\u00f3n se establece que la Consulta Popular es un medio de control que permite a la ciudadan\u00eda participar en las decisiones que se toman en el pa\u00eds, y puede darse por tres v\u00edas: El Ejecutivo federal, el 33 por ciento de la C\u00e1mara o el 2 por ciento\u201d de la lista nominal del padr\u00f3n electoral, dijo la Coordinadora del GPPAN.<\/p>\n<p>\u201cEste es, justamente, el esfuerzo valiente que hacen quienes ahora nos convocan a esta rueda de prensa: La recolecci\u00f3n de firmas para alcanzar este porcentaje y hacer uso de ese control constitucional que apoyamos\u201d, enfatiz\u00f3 la tambi\u00e9n Diputada Federal por el estado de Zacatecas.<\/p>\n<p>En este sentido, la Diputada Paulina Rubio llam\u00f3 a Morena a que, si tiene los n\u00fameros, no tema poner sobre la mesa el instrumento de la Consulta Popular y aclar\u00f3 que m\u00e1s all\u00e1 de intentar capitalizar o politizar un problema que nos aqueja a todos, Acci\u00f3n Nacional se suma por tratarse de una causa extremadamente justa.<\/p>\n<p>\u201cMorena siempre dijo que esta reforma al Poder Judicial no la quer\u00edan las c\u00fapulas. Hoy tenemos a trabajadores que no son jueces, ministros ni magistrados; pero, que ven que se ha puesto en riesgo el trabajo que por a\u00f1os hicieron para prepararse y llegar, de modo que apoyamos su iniciativa. Siempre seremos un veh\u00edculo y un promotor de los instrumentos ciudadanos que devuelvan el poder a la gente\u201d, destac\u00f3.<\/p>\n<p>\u201cSiempre seremos un espacio abierto para ciudadanos inconformes con la destrucci\u00f3n de las instituciones que ha hecho Morena. Estaremos de su lado y recordarles que esta consulta se abre a todo el pa\u00eds, hay muy buena expectativa y respuesta\u201d, asegur\u00f3.<\/p>\n<p>*QUE SUELTEN AL TIGRE Y SUS 30 MILLONES PARTICIPEN EN LA CONSULTA*<\/p>\n<p>En este acto se dieron cita los secretarios de juzgado, Alfredo Ysrael Mej\u00eda Anaya y Rafael Covarrubias Mercado; Marie de Guadalupe Mar\u00edn Valerio, coordinadora t\u00e9cnica administrativa; y Francisco Ju\u00e1rez Pi\u00f1a, activista promoto, para hablar de la \u201cconsulta ciudadana sobre elecci\u00f3n de jueces, magistrados y ministros\u201d, cuya promoci\u00f3n inici\u00f3 en Jalisco.<\/p>\n<p>Informaron que se necesitan 1 mill\u00f3n 977 mil 510 firmas ciudadanas para que el INE realice la Consulta Ciudadana y pregunte a la poblaci\u00f3n qu\u00e9 prefiere: elecci\u00f3n de jueces, magistrados y ministros por carrera judicial o que sean designados popularmente.<\/p>\n<p>\u201cConvocamos a votantes del partido oficialista, a esos 30 millones que dicen que votaron por Morena y sus aliados, no s\u00f3lo a aquellos que est\u00e9n en contra de la mal llamada reforma judicial a que vengan a la consulta\u201d, llam\u00f3 Rafael Covarrubias.<\/p>\n<p>\u201cRetamos a Morena a que suelte al tigre y vengan a la consulta, participen y digan si est\u00e1n o no de acuerdo con que ministros magistrados y jueces sean electos a trav\u00e9s del voto popular. \u00a1Tienen los votos!\u201d, desafi\u00f3.<\/p>\n<p>\u201cEsperamos \u2013inst\u00f3- que no nos vayan a quitar el mecanismo de la Consulta Popular el d\u00eda de ma\u00f1ana. Invitamos a los partidos pol\u00edticos de oposici\u00f3n a que vigilen y est\u00e9n cautelosos, puesto que nos est\u00e1n quitando todos los controles constitucionales. Esperemos que no atenten contra el mismo control que ellos impulsaron para la construcci\u00f3n o no del Aeropuerto Internacional de la Ciudad de M\u00e9xico, as\u00ed como para juzgar a expresidentes\u201d.<\/p>\n<p>Recordemos \u2013insisti\u00f3- que estas consultas son vinculantes para el Poder Ejecutivo y el Legislativo, as\u00ed se determin\u00f3 bajo la presidencia del Ministro Zald\u00edvar en la Suprema Corte (hoy aliado de Morena). Entonces, hemos estado en las calles recabando firmas y el term\u00f3metro ciudadano es que quieren participar.<\/p>\n<p>\u201cLos invitamos a que participen. Esto no es algo que deban temer los partidos pol\u00edticos, sino por el contrario. Es algo que deben fomentar y, si bien el d\u00eda de hoy la oposici\u00f3n no cuenta con el 33 por ciento requerido, convocamos a aquellos integrantes de Morena que crean, puedan y tengan libertad, a sumarse\u201d, finaliz\u00f3.<\/p>\n<p>Al rematar, Francisco Ju\u00e1rez Pi\u00f1a explic\u00f3 que para esta iniciativa se hizo un convenio con el Instituto Nacional Electoral (INE), a partir del 15 de septiembre pasado y vence en la misma fecha, pero del 2025, para disponer de su aplicaci\u00f3n tecnol\u00f3gica denominada \u201cApoyo Ciudadano\u201d. Lo \u00fanico que se hace es descargar dicha aplicaci\u00f3n.<\/p>\n<p>\u201cUstedes pueden tomarse una selfie que es lo que te pide la aplicaci\u00f3n, igual que firmes y a partir de ese instante se audita de manera simult\u00e1nea cada 2 d\u00edas entre la mesa del INE y el grupo promoverte que, en este caso, nos denominamos \u2018Contrapeso Ciudadano\u2019, porque el propio INE te pide un logo y una denominaci\u00f3n. El proceso es muy sencillo y no tardas ni 5 minutos\u201d, asegur\u00f3.<\/p>\n<p>Consider\u00f3 que van bien, pues desde el 15 de septiembre que habilitaron la aplicaci\u00f3n los n\u00fameros son buenos. \u201cNos hemos dado un tiempo de aqu\u00ed a agosto, por eso que estamos en una fecha razonable para que juntos, ciudadanos, organizaciones de la sociedad civil, partidos pol\u00edticos y quienes tengan libertad, podamos lograr este requisito y que nos consulten a todos y a todas, concluy\u00f3.<\/p>\n<p>oooOooo<\/p>\n","protected":false},"excerpt":{"rendered":"<p>\u2022 La recolecci\u00f3n de 2 millones de firmas, esfuerzo valiente para hacer uso de un control constitucional que apoyamos: Noem\u00ed Luna \u2022 Si Morena tiene los<span class=\"excerpt-hellip\"> [\u2026]<\/span><\/p>\n","protected":false},"author":2,"featured_media":4005,"comment_status":"open","ping_status":"open","sticky":false,"template":"","format":"standard","meta":{"footnotes":""},"categories":[8],"tags":[],"class_list":["post-4004","post","type-post","status-publish","format-standard","has-post-thumbnail","hentry","category-politica"],"_links":{"self":[{"href":"https:\/\/sientetupasion.com\/index.php\/wp-json\/wp\/v2\/posts\/4004","targetHints":{"allow":["GET"]}}],"collection":[{"href":"https:\/\/sientetupasion.com\/index.php\/wp-json\/wp\/v2\/posts"}],"about":[{"href":"https:\/\/sientetupasion.com\/index.php\/wp-json\/wp\/v2\/types\/post"}],"author":[{"embeddable":true,"href":"https:\/\/sientetupasion.com\/index.php\/wp-json\/wp\/v2\/users\/2"}],"replies":[{"embeddable":true,"href":"https:\/\/sientetupasion.com\/index.php\/wp-json\/wp\/v2\/comments?post=4004"}],"version-history":[{"count":1,"href":"https:\/\/sientetupasion.com\/index.php\/wp-json\/wp\/v2\/posts\/4004\/revisions"}],"predecessor-version":[{"id":4006,"href":"https:\/\/sientetupasion.com\/index.php\/wp-json\/wp\/v2\/posts\/4004\/revisions\/4006"}],"wp:featuredmedia":[{"embeddable":true,"href":"https:\/\/sientetupasion.com\/index.php\/wp-json\/wp\/v2\/media\/4005"}],"wp:attachment":[{"href":"https:\/\/sientetupasion.com\/index.php\/wp-json\/wp\/v2\/media?parent=4004"}],"wp:term":[{"taxonomy":"category","embeddable":true,"href":"https:\/\/sientetupasion.com\/index.php\/wp-json\/wp\/v2\/categories?post=4004"},{"taxonomy":"post_tag","embeddable":true,"href":"https:\/\/sientetupasion.com\/index.php\/wp-json\/wp\/v2\/tags?post=4004"}],"curies":[{"name":"wp","href":"https:\/\/api.w.org\/{rel}","templated":true}]}}