{"id":3902,"date":"2024-11-27T08:53:39","date_gmt":"2024-11-27T08:53:39","guid":{"rendered":"https:\/\/sientetupasion.com\/?p=3902"},"modified":"2024-11-27T08:53:39","modified_gmt":"2024-11-27T08:53:39","slug":"hace-el-pan-frente-comun-con-el-gobierno-electo-de-jalisco-en-busca-de-mas-y-mejores-recursos","status":"publish","type":"post","link":"https:\/\/sientetupasion.com\/index.php\/2024\/11\/27\/hace-el-pan-frente-comun-con-el-gobierno-electo-de-jalisco-en-busca-de-mas-y-mejores-recursos\/","title":{"rendered":"HACE EL PAN FRENTE COM\u00daN CON EL GOBIERNO ELECTO DE JALISCO EN BUSCA DE M\u00c1S Y MEJORES RECURSOS"},"content":{"rendered":"<p>\u2022 El Gobernador electo Pablo Lemus se re\u00fane con la Coordinadora del GPPAN, Noem\u00ed Luna, y las y los seis diputados federales panistas de Jalisco<br \/>\n\u2022 Acuerdan que el PAN apoyar\u00e1 las modificaciones presupuestarias para el 2025, por el bienestar de la poblaci\u00f3n jalisciense<\/p>\n<p>El Grupo Parlamentario del Partido Acci\u00f3n Nacional (GPPAN) hace un frente com\u00fan con el gobierno electo de Jalisco, con el prop\u00f3sito de buscar m\u00e1s y mejores recursos para ese estado, especialmente para lograr que se incluyan en el Paquete Econ\u00f3mico 2025 los proyectos estrat\u00e9gicos que fueron excluidos y son de inter\u00e9s de la administraci\u00f3n que iniciar\u00e1 el pr\u00f3ximo 6 de diciembre.<\/p>\n<p>As\u00ed se acord\u00f3 en reuni\u00f3n de trabajo entre el Gobernador electo de Jalisco bajo las siglas de Movimiento Ciudadano (MC), Pablo Lemus; la Coordinadora de la fracci\u00f3n panista, Noem\u00ed Luna; y las y los seis diputados federales del blanquiazul por Jalisco, Paulina Rubio, Omar Borboa, Paola Espinoza, Alonso de Jes\u00fas V\u00e1zquez, Mario I\u00f1iguez y Miguel Monraz.<\/p>\n<p>El pr\u00f3ximo Mandatario de Jalisco, acompa\u00f1ado de la Coordinadora de la bancada de MC, Ivonne Ortega; y la Legisladora federal de ese partido, Claudia Salas, solicitaron el respaldo en v\u00edspera de la discusi\u00f3n del Presupuesto de Egresos de la Federaci\u00f3n (PEF) 2025, por lo que las y los panistas se comprometieron a apoyar las modificaciones presupuestarias pertinentes en beneficio de las y los jaliscienses.<\/p>\n<p>En respuesta a la solicitud planteada, la Coordinadora Noem\u00ed Luna y las y los seis diputados federales panistas acordaron respaldar la solicitud del Gobernador electo, a fin de visibilizar las deficiencias en el presupuesto que est\u00e1 etiquetado para Jalisco y hacer un frente com\u00fan para luchar por m\u00e1s y mejores recursos.<\/p>\n<p>Especialmente el panismo respaldar\u00e1 la petici\u00f3n para que en el Paquete Econ\u00f3mico del siguiente a\u00f1o se incluyan los proyectos estrat\u00e9gicos de la administraci\u00f3n que est\u00e1 por empezar, como lo es el mantenimiento de las carreteras federales de Jalisco, para lo que se requiere por lo menos 8 mil millones de pesos, y para el saneamiento del R\u00edo Santiago, inform\u00f3 la legisladora panista Paulina Rubio.<\/p>\n<p>Ooo0ooO<\/p>\n","protected":false},"excerpt":{"rendered":"<p>\u2022 El Gobernador electo Pablo Lemus se re\u00fane con la Coordinadora del GPPAN, Noem\u00ed Luna, y las y los seis diputados federales panistas de Jalisco \u2022<span class=\"excerpt-hellip\"> [\u2026]<\/span><\/p>\n","protected":false},"author":2,"featured_media":3903,"comment_status":"open","ping_status":"open","sticky":false,"template":"","format":"standard","meta":{"footnotes":""},"categories":[8],"tags":[],"class_list":["post-3902","post","type-post","status-publish","format-standard","has-post-thumbnail","hentry","category-politica"],"_links":{"self":[{"href":"https:\/\/sientetupasion.com\/index.php\/wp-json\/wp\/v2\/posts\/3902","targetHints":{"allow":["GET"]}}],"collection":[{"href":"https:\/\/sientetupasion.com\/index.php\/wp-json\/wp\/v2\/posts"}],"about":[{"href":"https:\/\/sientetupasion.com\/index.php\/wp-json\/wp\/v2\/types\/post"}],"author":[{"embeddable":true,"href":"https:\/\/sientetupasion.com\/index.php\/wp-json\/wp\/v2\/users\/2"}],"replies":[{"embeddable":true,"href":"https:\/\/sientetupasion.com\/index.php\/wp-json\/wp\/v2\/comments?post=3902"}],"version-history":[{"count":1,"href":"https:\/\/sientetupasion.com\/index.php\/wp-json\/wp\/v2\/posts\/3902\/revisions"}],"predecessor-version":[{"id":3904,"href":"https:\/\/sientetupasion.com\/index.php\/wp-json\/wp\/v2\/posts\/3902\/revisions\/3904"}],"wp:featuredmedia":[{"embeddable":true,"href":"https:\/\/sientetupasion.com\/index.php\/wp-json\/wp\/v2\/media\/3903"}],"wp:attachment":[{"href":"https:\/\/sientetupasion.com\/index.php\/wp-json\/wp\/v2\/media?parent=3902"}],"wp:term":[{"taxonomy":"category","embeddable":true,"href":"https:\/\/sientetupasion.com\/index.php\/wp-json\/wp\/v2\/categories?post=3902"},{"taxonomy":"post_tag","embeddable":true,"href":"https:\/\/sientetupasion.com\/index.php\/wp-json\/wp\/v2\/tags?post=3902"}],"curies":[{"name":"wp","href":"https:\/\/api.w.org\/{rel}","templated":true}]}}