{"id":3858,"date":"2024-11-26T09:10:49","date_gmt":"2024-11-26T09:10:49","guid":{"rendered":"https:\/\/sientetupasion.com\/?p=3858"},"modified":"2024-11-26T09:10:49","modified_gmt":"2024-11-26T09:10:49","slug":"importante-vernos-como-seres-humanos-libres-con-derecho-a-la-paz-tranquilidad-y-sana-convivencia-rodrigo-reyes-muguerza","status":"publish","type":"post","link":"https:\/\/sientetupasion.com\/index.php\/2024\/11\/26\/importante-vernos-como-seres-humanos-libres-con-derecho-a-la-paz-tranquilidad-y-sana-convivencia-rodrigo-reyes-muguerza\/","title":{"rendered":"Importante vernos como seres humanos libres, con derecho a la paz, tranquilidad y sana convivencia: Rodrigo Reyes Mug\u00fcerza"},"content":{"rendered":"<p>\u25aa\ufe0fRealizan Foro de Est\u00e1ndares Internacionales del Derecho Humano a la Libre Manifestaci\u00f3n<br \/>\n\u25aa\ufe0fSensibilizar y capacitar a los servidores p\u00fablicos en este tema, el prop\u00f3sito<br \/>\n\u25aa\ufe0fRefrenda administraci\u00f3n del Gobernador David Monreal \u00c1vila su compromiso con los derechos humanos<br \/>\n\u25aa\ufe0fRicardo Neves, de la oficina del Alto Comisionado de Derechos Humanos de las Naciones Unidas, reitera su disposici\u00f3n de apoyo a la administraci\u00f3n estatal<\/p>\n<p>Zacatecas, Zac., 25 de noviembre de 2024.- Comprometido con la capacitaci\u00f3n y profesionalizaci\u00f3n de los elementos policiales como primeros respondientes, el Gobierno de Zacatecas en coordinaci\u00f3n con el Alto Comisionado de Derechos Humanos de la Organizaci\u00f3n de las Naciones Unidas (ONU), las Comisiones nacional y estatal de Derechos Humanos y la Fiscal\u00eda General de Justicia del Estado, llevaron a cabo el Foro Est\u00e1ndares Internacionales del Derecho Humano a la Libre Manifestaci\u00f3n.<\/p>\n<p>El prop\u00f3sito es sensibilizar y capacitar a las y los servidores p\u00fablicos en el tema de la libertad de expresi\u00f3n, su protecci\u00f3n y garant\u00eda.<\/p>\n<p>A nombre del Gobernador David Monreal \u00c1vila, el Secretario General de Gobierno, Rodrigo Reyes Mug\u00fcerza, refrend\u00f3 el compromiso con el respeto y fomento de los derechos humanos y con la capacitaci\u00f3n y profesionalizaci\u00f3n de los servidores p\u00fablicos.<\/p>\n<p>En este sentido, dijo que \u201ctenemos la firme convicci\u00f3n del respeto irrestricto de los derechos humanos, pero tampoco se debe perder de vista que las y los polic\u00edas, como seres humanos, quienes por azares del destino son polic\u00edas, y tambi\u00e9n tienen derechos humanos, por los cuales tambi\u00e9n se debe velar\u201d.<\/p>\n<p>Afirm\u00f3 que \u201cno hay nada m\u00e1s importante que todas y todos nos miremos de igual a igual, como seres humanos libres, con derecho a la paz, la tranquilidad y la sana convivencia\u201d.<\/p>\n<p>Reyes Mug\u00fcerza record\u00f3 que el Gobierno del Estado asumi\u00f3 el dec\u00e1logo por la Libertad y la Paz, emitido por el Gobierno de la Presidenta Claudia Sheinbaum Pardo, en el que se establece, entre otros, que M\u00e9xico es un pa\u00eds de hombres y mujeres libres de manifestar sus ideas, de reunirse y expresarse del modo que decidan.<\/p>\n<p>Tambi\u00e9n, que el Gobierno de M\u00e9xico respeta el derecho de todas las personas, especialmente cuando pertenecen a grupos minoritarios; \u201cel Gobierno no discrimina ni criminaliza la protesta social; el Gobierno garantiza la libertad de expresi\u00f3n sin afectar los derechos de terceros, ni promover la guerra, el odio o la violencia.<\/p>\n<p>Los derechos de manifestaci\u00f3n, expresi\u00f3n y reuni\u00f3n no son condicionales; jam\u00e1s se usar\u00e1 la fuerza p\u00fablica para reprimir, agredir o afectar a las personas que expresen sus ideas de forma pac\u00edfica, dijo.<\/p>\n<p>Por su parte, Ricardo Neves, oficial del Alto Comisionado de Derechos Humanos de las Naciones Unidas record\u00f3 c\u00f3mo hoy, 25 de noviembre, fue declarado, en 1999 como el D\u00eda Internacional para poner fin a la Violencia Contra la Mujer y las luchas que en M\u00e9xico se llevaron a cabo para conquistar su derecho al voto, quienes salieron a las calles.<\/p>\n<p>Dijo que los est\u00e1ndares internacionales brindan a las mujeres y a la protesta una protecci\u00f3n especial y refrend\u00f3 el compromiso de su oficina de apoyo a las autoridades para asistirlas en su responsabilidad de respetar, promover y proteger la libertad de uni\u00f3n pac\u00edfica, con perspectiva de g\u00e9nero.<\/p>\n<p>El Fiscal General de Justicia, Cristian Paul Camacho Osnaya, asumi\u00f3 el compromiso de la defensa de este derecho fundamental y dijo que la protecci\u00f3n de este derecho es una tarea compartida.<\/p>\n<p>Finalmente, Maricela Dimas Reveles, titular de la Comisi\u00f3n de Derechos Humanos del Estado de Zacatecas, resalt\u00f3 la voluntad y compromiso de la administraci\u00f3n estatal por fortalecer los derechos humanos y el de la libre manifestaci\u00f3n.<\/p>\n<p>\u2014ooOoo\u2014<\/p>\n","protected":false},"excerpt":{"rendered":"<p>\u25aa\ufe0fRealizan Foro de Est\u00e1ndares Internacionales del Derecho Humano a la Libre Manifestaci\u00f3n \u25aa\ufe0fSensibilizar y capacitar a los servidores p\u00fablicos en este tema, el prop\u00f3sito \u25aa\ufe0fRefrenda administraci\u00f3n<span class=\"excerpt-hellip\"> [\u2026]<\/span><\/p>\n","protected":false},"author":2,"featured_media":3859,"comment_status":"open","ping_status":"open","sticky":false,"template":"","format":"standard","meta":{"footnotes":""},"categories":[16],"tags":[],"class_list":["post-3858","post","type-post","status-publish","format-standard","has-post-thumbnail","hentry","category-zacatecas"],"_links":{"self":[{"href":"https:\/\/sientetupasion.com\/index.php\/wp-json\/wp\/v2\/posts\/3858","targetHints":{"allow":["GET"]}}],"collection":[{"href":"https:\/\/sientetupasion.com\/index.php\/wp-json\/wp\/v2\/posts"}],"about":[{"href":"https:\/\/sientetupasion.com\/index.php\/wp-json\/wp\/v2\/types\/post"}],"author":[{"embeddable":true,"href":"https:\/\/sientetupasion.com\/index.php\/wp-json\/wp\/v2\/users\/2"}],"replies":[{"embeddable":true,"href":"https:\/\/sientetupasion.com\/index.php\/wp-json\/wp\/v2\/comments?post=3858"}],"version-history":[{"count":1,"href":"https:\/\/sientetupasion.com\/index.php\/wp-json\/wp\/v2\/posts\/3858\/revisions"}],"predecessor-version":[{"id":3860,"href":"https:\/\/sientetupasion.com\/index.php\/wp-json\/wp\/v2\/posts\/3858\/revisions\/3860"}],"wp:featuredmedia":[{"embeddable":true,"href":"https:\/\/sientetupasion.com\/index.php\/wp-json\/wp\/v2\/media\/3859"}],"wp:attachment":[{"href":"https:\/\/sientetupasion.com\/index.php\/wp-json\/wp\/v2\/media?parent=3858"}],"wp:term":[{"taxonomy":"category","embeddable":true,"href":"https:\/\/sientetupasion.com\/index.php\/wp-json\/wp\/v2\/categories?post=3858"},{"taxonomy":"post_tag","embeddable":true,"href":"https:\/\/sientetupasion.com\/index.php\/wp-json\/wp\/v2\/tags?post=3858"}],"curies":[{"name":"wp","href":"https:\/\/api.w.org\/{rel}","templated":true}]}}