{"id":3780,"date":"2024-11-25T10:39:20","date_gmt":"2024-11-25T10:39:20","guid":{"rendered":"https:\/\/sientetupasion.com\/?p=3780"},"modified":"2024-11-25T10:39:38","modified_gmt":"2024-11-25T10:39:38","slug":"engana-al-pueblo-claudia-sheinbaum-con-su-primer-presupuesto-como-presidenta-noemi-luna","status":"publish","type":"post","link":"https:\/\/sientetupasion.com\/index.php\/2024\/11\/25\/engana-al-pueblo-claudia-sheinbaum-con-su-primer-presupuesto-como-presidenta-noemi-luna\/","title":{"rendered":"ENGA\u00d1A AL PUEBLO CLAUDIA SHEINBAUM CON SU PRIMER PRESUPUESTO COMO PRESIDENTA: NOEM\u00cd LUNA"},"content":{"rendered":"<p>\u2022 El GPPAN revisa a conciencia la propuesta presidencialista para garantizar que \u201cning\u00fan ciudadano quede fuera del presupuesto\u201d, asegura<br \/>\n\u2022 El Paquete Econ\u00f3mico 2025 quita recursos a prioridades de la gente y aumenta para la compra de conciencias y proyectos caprichosos<\/p>\n<p>Al asegurar que el primer presupuesto de la primera Presidenta de M\u00e9xico es enga\u00f1oso y olvida a los m\u00e1s pobres al privarlos de servicios prioritarios para su bienestar, la Coordinadora Noem\u00ed Luna comprometi\u00f3 que el Grupo Parlamentario del Partido Acci\u00f3n Nacional (GPPAN) revisar\u00e1 a conciencia la propuesta para garantizar que \u201cning\u00fan ciudadano quede fuera del presupuesto\u201d 2025.<\/p>\n<p>La responsabilidad de las y los 71 legisladores federales panistas en la C\u00e1mara de Diputados, la estableci\u00f3 su lideresa al criticar que en contraste la propuesta de Claudia Sheimbaum \u201cproporciona o incrementa recursos p\u00fablicos en \u00e1reas que desde la Presidencia de la Rep\u00fablica y el oficialismo pueden ser utilizados con fines pol\u00edticos y electoreros\u201d.<\/p>\n<p>Dijo que como primera fuerza pol\u00edtica de oposici\u00f3n en la naci\u00f3n y como resistencia ante la intentona de Morena y sus aliados por destruir la Rep\u00fablica, el blanquiazul est\u00e1 dispuesto a analizar, dialogar y realizar propuestas que permitan efectuar un reparto justo y equitativo de los recursos p\u00fablicos, para que en el 2025 se atiendan las crisis de seguridad, salud y educaci\u00f3n, entre otras.<\/p>\n<p>Puso en claro que \u201cen el PAN estamos de acuerdo en garantizar la eficiencia del gasto p\u00fablico frente a la escasez de los recursos. Pero, no estamos de acuerdo en abandonar a la gente ni en dejar de lado la responsabilidad del Estado de otorgar los servicios p\u00fablicos y proteger los derechos humanos\u201d. Y exigi\u00f3 \u201cun di\u00e1logo de ida y vuelta. Queremos que el oficialismo escuche las propuestas de la oposici\u00f3n\u2026 y s\u00ed haga reasignaciones del gasto\u201d.<\/p>\n<p>Noem\u00ed Luna adelant\u00f3 que en el an\u00e1lisis de la propuesta presupuestaria -que ya se revisa en las Comisiones de Hacienda y Cr\u00e9dito P\u00fablico y en la de Presupuesto y Cuenta P\u00fablica de la C\u00e1mara de Diputados-, desde el primer momento el PAN detect\u00f3 graves incongruencias que ya hizo p\u00fablicas para que el oficialismo corrija por el bien de la naci\u00f3n.<\/p>\n<p>Entre las irregularidades dijo que Sheimbaum propone un egreso mayor al ingreso, pues \u201cmientras prev\u00e9 recaudar 8.05 billones de pesos su compromiso es gastar 9.22 billones\u201d, lo que s\u00f3lo se puede hacer con endeudamiento. Explic\u00f3 que \u201centre las mayores l\u00edneas de egresos est\u00e1n 835 mil millones de pesos que destinar\u00e1 a los programas sociales y 189 mil millones para las megaobras caprichosas\u201d.<\/p>\n<p>La dirigente de las y los diputados federales panistas advirti\u00f3 adem\u00e1s que para el 2025 la Federaci\u00f3n dejar\u00e1 en el abandono a estados y municipios al darles menos recursos, ya que en t\u00e9rminos reales decrecer\u00e1 en 1.2% el gasto federalizado, para dejarlo en 2 billones 633 mil millones de pesos. Es decir, recibir\u00e1n 32 mil millones de pesos menos que en el 2024.<\/p>\n<p>La zacatecana se dijo inquieta por la reducci\u00f3n de 4.6 por ciento al gasto federalizado en el Ramo 33 Aportaciones Federales, que s\u00f3lo tendr\u00e1 1 bill\u00f3n 61 mil millones de pesos. \u201cDecisi\u00f3n grav\u00edsima\u201d, porque de esa bolsa los gobiernos estatales y municipales reciben recursos para las necesidades de salud, seguridad, educaci\u00f3n, saneamiento financiero e inversi\u00f3n.\u201d<\/p>\n<p>\u201cPersonalmente me preocupan los recortes del Ramo 33, porque se centran en dos \u00e1reas fundamentales para el bienestar social: el Fondo de Aportaciones para los Servicios de Salud, al que le quitan 42.5%; y el Fondo de Aportaciones para la Seguridad P\u00fablica, que disminuye en 0.4. Adi\u00f3s a la salud como Dinamarca y a la pacificaci\u00f3n de M\u00e9xico\u201d.<\/p>\n<p>Tambi\u00e9n consider\u00f3 como alarmante que el 17 por ciento del gasto del pr\u00f3ximo a\u00f1o se pretenda financiar con deuda y record\u00f3 que del 2019 al 2024 la deuda neta creci\u00f3 en 5.6 billones de pesos, por lo que es grav\u00edsimo continuar con la intensa presi\u00f3n a las finanzas p\u00fablicas. <\/p>\n<p>Finalmente manifest\u00f3 que falta mucho por hacer por la gente, pues seg\u00fan el CONEVAL -organismo que acaban de desaparecer- 56 millones de personas viven con un ingreso inferior a la l\u00ednea de pobreza; 25 millones m\u00e1s, experimentan rezago educativo; 50 millones, viven con carencias de salud; y 65 millones, no tienen seguridad social. Eso s\u00ed, en el 2025 la Presidenta tendr\u00e1 un salario anual neto de 2 millones 69 mil pesos. Vaya manera de demostrar que \u201c\u00a1Primero los pobres!\u201d.<\/p>\n<p>o0o0o0o0o<\/p>\n","protected":false},"excerpt":{"rendered":"<p>\u2022 El GPPAN revisa a conciencia la propuesta presidencialista para garantizar que \u201cning\u00fan ciudadano quede fuera del presupuesto\u201d, asegura \u2022 El Paquete Econ\u00f3mico 2025 quita recursos<span class=\"excerpt-hellip\"> [\u2026]<\/span><\/p>\n","protected":false},"author":2,"featured_media":3781,"comment_status":"open","ping_status":"open","sticky":false,"template":"","format":"standard","meta":{"footnotes":""},"categories":[8],"tags":[],"class_list":["post-3780","post","type-post","status-publish","format-standard","has-post-thumbnail","hentry","category-politica"],"_links":{"self":[{"href":"https:\/\/sientetupasion.com\/index.php\/wp-json\/wp\/v2\/posts\/3780","targetHints":{"allow":["GET"]}}],"collection":[{"href":"https:\/\/sientetupasion.com\/index.php\/wp-json\/wp\/v2\/posts"}],"about":[{"href":"https:\/\/sientetupasion.com\/index.php\/wp-json\/wp\/v2\/types\/post"}],"author":[{"embeddable":true,"href":"https:\/\/sientetupasion.com\/index.php\/wp-json\/wp\/v2\/users\/2"}],"replies":[{"embeddable":true,"href":"https:\/\/sientetupasion.com\/index.php\/wp-json\/wp\/v2\/comments?post=3780"}],"version-history":[{"count":1,"href":"https:\/\/sientetupasion.com\/index.php\/wp-json\/wp\/v2\/posts\/3780\/revisions"}],"predecessor-version":[{"id":3782,"href":"https:\/\/sientetupasion.com\/index.php\/wp-json\/wp\/v2\/posts\/3780\/revisions\/3782"}],"wp:featuredmedia":[{"embeddable":true,"href":"https:\/\/sientetupasion.com\/index.php\/wp-json\/wp\/v2\/media\/3781"}],"wp:attachment":[{"href":"https:\/\/sientetupasion.com\/index.php\/wp-json\/wp\/v2\/media?parent=3780"}],"wp:term":[{"taxonomy":"category","embeddable":true,"href":"https:\/\/sientetupasion.com\/index.php\/wp-json\/wp\/v2\/categories?post=3780"},{"taxonomy":"post_tag","embeddable":true,"href":"https:\/\/sientetupasion.com\/index.php\/wp-json\/wp\/v2\/tags?post=3780"}],"curies":[{"name":"wp","href":"https:\/\/api.w.org\/{rel}","templated":true}]}}