{"id":3692,"date":"2024-11-23T01:24:19","date_gmt":"2024-11-23T01:24:19","guid":{"rendered":"https:\/\/sientetupasion.com\/?p=3692"},"modified":"2024-11-23T01:24:19","modified_gmt":"2024-11-23T01:24:19","slug":"noemi-luna-invita-a-construir-un-frente-comun-de-diputados-federales-zacatecanos-en-favor-de-su-estado","status":"publish","type":"post","link":"https:\/\/sientetupasion.com\/index.php\/2024\/11\/23\/noemi-luna-invita-a-construir-un-frente-comun-de-diputados-federales-zacatecanos-en-favor-de-su-estado\/","title":{"rendered":"NOEM\u00cd LUNA INVITA A CONSTRUIR UN FRENTE COM\u00daN DE DIPUTADOS FEDERALES ZACATECANOS EN FAVOR DE SU ESTADO"},"content":{"rendered":"<p>\u2022 Llama al oficialismo a mover la propuesta del Paquete Econ\u00f3mico 2025 para que la C\u00e1mara de Diputados deje de ser una \u201coficial\u00eda de partes\u201d<br \/>\n\u2022 La Coordinadora del GPPAN celebra que su paisano Ricardo Monreal coincida con ella en urgencia de ajustar el presupuesto<\/p>\n<p>Noem\u00ed Luna, Coordinadora del Grupo Parlamentario del Partido Acci\u00f3n Nacional (GPPAN), invita a las y los 14 Diputados Federales zacatecanos a hacer un frente com\u00fan y unir fuerzas, sin importar colores partidistas, para aprovechar la coyuntura de su presencia hist\u00f3rica y pugnar por un presupuesto digno para Zacatecas, ya que es en la C\u00e1mara de Diputados donde se determinan los recursos.<\/p>\n<p>Con ese exhort\u00f3 la Diputada Federal zacatecana ampl\u00eda la invitaci\u00f3n a todos sus paisanos para trabajar en unidad, llamado que recientemente hab\u00eda enviado a sus hom\u00f3logos coordinadores de Morena, PVEM y PT, Ricardo Monreal, Carlos Puente y Reginaldo Sandoval, para que en la pr\u00f3xima discusi\u00f3n del Paquete Econ\u00f3mico 2025 se impongan y eviten que Zacatecas reciba un raqu\u00edtico presupuesto.<\/p>\n<p>De concretarse el bloque zacatecano, adem\u00e1s de los cuatro coordinadores estar\u00eda conformado por los priistas Miguel Alonso y Fuensanta Guerrero; la petista Magdalena N\u00fa\u00f1ez; y los morenistas Julia Olgu\u00edn, Ulises Mej\u00eda, Soledad Lu\u00e9vano, Alfonso Ram\u00edrez, Ana Luisa del Muro, Jos\u00e9 Narro y Giselle Arellano. Ser\u00eda un bloque fuerte y contundente para \u201cmover las comas y los recursos a la propuesta\u201d, dijo.<\/p>\n<p>Es de se\u00f1alar que a pregunta expresa de periodistas sobre la necesidad de reestructurar la propuesta del presupuesto 2025, el morenista Ricardo Monreal coincidi\u00f3 con Noem\u00ed Luna al se\u00f1alar: \u201cS\u00ed, tiene raz\u00f3n ella. Como zacatecano soy solidario con el gobierno de Zacatecas\u201d. \u00c9l reconoci\u00f3 que algunas entidades tendr\u00e1n menos dinero \u201cy obviamente van a batallar los gobernadores para ejercer sus funciones\u201d.<\/p>\n<p>Tras la respuesta del coordinador morenista, la diputada por Zacatecas extern\u00f3 su disposici\u00f3n de extender la mano para trabajar unidos todas y todos los legisladores federales y manifest\u00f3: \u201cAgradezco que el Coordinador de la mayor\u00eda me conceda la raz\u00f3n; pero, hay que ver c\u00f3mo act\u00faan el d\u00eda de la discusi\u00f3n: si realmente todo queda en discurso o realmente vamos a poder mover el presupuesto\u201d.<\/p>\n<p>Finalmente, resalt\u00f3 que como Diputados Federales \u201ces nuestra facultad (revisar el Paquete Econ\u00f3mico) para dejar de ser una oficial\u00eda de partes del Ejecutivo y aqu\u00ed s\u00ed destinar m\u00e1s recurso a los estados\u201d, por lo que hizo votos para que \u201cen los hechos le demos m\u00e1s recursos a todos los estados que tanta falta les hace\u201d. <\/p>\n<p>oooOooo<\/p>\n","protected":false},"excerpt":{"rendered":"<p>\u2022 Llama al oficialismo a mover la propuesta del Paquete Econ\u00f3mico 2025 para que la C\u00e1mara de Diputados deje de ser una \u201coficial\u00eda de partes\u201d \u2022<span class=\"excerpt-hellip\"> [\u2026]<\/span><\/p>\n","protected":false},"author":2,"featured_media":3693,"comment_status":"open","ping_status":"open","sticky":false,"template":"","format":"standard","meta":{"footnotes":""},"categories":[8],"tags":[],"class_list":["post-3692","post","type-post","status-publish","format-standard","has-post-thumbnail","hentry","category-politica"],"_links":{"self":[{"href":"https:\/\/sientetupasion.com\/index.php\/wp-json\/wp\/v2\/posts\/3692","targetHints":{"allow":["GET"]}}],"collection":[{"href":"https:\/\/sientetupasion.com\/index.php\/wp-json\/wp\/v2\/posts"}],"about":[{"href":"https:\/\/sientetupasion.com\/index.php\/wp-json\/wp\/v2\/types\/post"}],"author":[{"embeddable":true,"href":"https:\/\/sientetupasion.com\/index.php\/wp-json\/wp\/v2\/users\/2"}],"replies":[{"embeddable":true,"href":"https:\/\/sientetupasion.com\/index.php\/wp-json\/wp\/v2\/comments?post=3692"}],"version-history":[{"count":1,"href":"https:\/\/sientetupasion.com\/index.php\/wp-json\/wp\/v2\/posts\/3692\/revisions"}],"predecessor-version":[{"id":3694,"href":"https:\/\/sientetupasion.com\/index.php\/wp-json\/wp\/v2\/posts\/3692\/revisions\/3694"}],"wp:featuredmedia":[{"embeddable":true,"href":"https:\/\/sientetupasion.com\/index.php\/wp-json\/wp\/v2\/media\/3693"}],"wp:attachment":[{"href":"https:\/\/sientetupasion.com\/index.php\/wp-json\/wp\/v2\/media?parent=3692"}],"wp:term":[{"taxonomy":"category","embeddable":true,"href":"https:\/\/sientetupasion.com\/index.php\/wp-json\/wp\/v2\/categories?post=3692"},{"taxonomy":"post_tag","embeddable":true,"href":"https:\/\/sientetupasion.com\/index.php\/wp-json\/wp\/v2\/tags?post=3692"}],"curies":[{"name":"wp","href":"https:\/\/api.w.org\/{rel}","templated":true}]}}