{"id":3665,"date":"2024-11-22T09:29:38","date_gmt":"2024-11-22T09:29:38","guid":{"rendered":"https:\/\/sientetupasion.com\/?p=3665"},"modified":"2024-11-22T09:29:38","modified_gmt":"2024-11-22T09:29:38","slug":"reconoce-gobierno-de-zacatecas-entrega-y-dedicacion-de-bomberas-y-bomberos","status":"publish","type":"post","link":"https:\/\/sientetupasion.com\/index.php\/2024\/11\/22\/reconoce-gobierno-de-zacatecas-entrega-y-dedicacion-de-bomberas-y-bomberos\/","title":{"rendered":"Reconoce Gobierno de Zacatecas entrega y dedicaci\u00f3n de bomberas y bomberos"},"content":{"rendered":"<p>\u25aa\ufe0f  Rinde homenaje a mujeres y hombres que se han distinguido por su hero\u00edsmo silencioso<br \/>\n\u25aa\ufe0f  Anuncian realizaci\u00f3n de foro de Protecci\u00f3n Civil para su profesionalizaci\u00f3n<br \/>\n\u25aa\ufe0f  Aplaude cuerpo de bomberos apoyo y respaldo de la administraci\u00f3n encabezada por el Gobernador David Monreal \u00c1vila<\/p>\n<p>Zacatecas, Zac., 21 de noviembre de 2024.- Con el prop\u00f3sito de reconocer su trabajo, entrega y dedicaci\u00f3n, el Gobierno de Zacatecas, encabezado por el mandatario David Monreal \u00c1vila, rindi\u00f3 homenaje al cuerpo de bomberos del estado, conformado por mujeres y hombres que se han distinguido por su hero\u00edsmo silencioso y cuya valent\u00eda ha sido pilar fundamental para la paz y el bienestar de las comunidades.<\/p>\n<p>En la ceremonia, el Subsecretario de Desarrollo Pol\u00edtico, Cesar Gonz\u00e1lez Navarro, a nombre del Secretario General de Gobierno, Rodrigo Reyes Mug\u00fcerza, anunci\u00f3 la realizaci\u00f3n del Foro Estatal de Protecci\u00f3n Civil 2024, a trav\u00e9s del cual podr\u00e1n profesionalizarse y obtener mayores y mejores herramientas para cumplir con su labor.<\/p>\n<p>Los subsecretarios de Concertaci\u00f3n y Atenci\u00f3n Ciudadana y de Transporte, Omar Carrera y Javier Reyes Romo, reconocieron la labor que desarrollan las bomberas y bomberos en Zacatecas, gracias a la cual se salvan vidas.<\/p>\n<p>Jorge Luis Gallardo, coordinador estatal de Protecci\u00f3n Civil, dijo que, en esta ocasi\u00f3n, \u201cm\u00e1s que una profesi\u00f3n, celebramos un llamado a servir, a proteger y a salvar. Cada emergencia atendida, cada vida rescatada, cada sacrificio realizado en silencio, representa un acto de amor y de valent\u00eda que merece ser reconocido\u201d.<\/p>\n<p>Su labor es invaluable y, por ello, ofreci\u00f3, \u201ccontinuaremos gestionando m\u00e1s y mejores herramientas que les permitan desempe\u00f1arse con seguridad y eficacia en su misi\u00f3n\u201d.<\/p>\n<p>Agradeci\u00f3 al Gobernador David Monreal \u00c1vila su constante apoyo y compromiso para fortalecer la infraestructura y las capacidades de protecci\u00f3n civil. Tambi\u00e9n reconoci\u00f3 el acompa\u00f1amiento y apoyo del Secretario General de Gobierno, Rodrigo Reyes Mug\u00fcerza, quien ha sido clave en la articulaci\u00f3n de esfuerzos para atender las demandas de la poblaci\u00f3n.<\/p>\n<p>A las bomberas y bomberos, Gallardo \u00c1lvarez agradeci\u00f3 su ejemplo de servicio, dedicaci\u00f3n y humanidad. \u201cGracias por recordarnos que la solidaridad y el trabajo en equipo pueden superar cualquier adversidad\u201d.<\/p>\n<p>En el evento se entregaron reconocimientos por trayectoria de 35 a\u00f1os a Jos\u00e9 Manuel Oliva Ben\u00edtez y Jes\u00fas P\u00e9rez Robledo; por 25 a\u00f1os a Juan Carlos R\u00edos Casta\u00f1\u00f3n y a los voluntarios Jos\u00e9 Antonio Robles y Jes\u00fas Eduardo Vel\u00e1zquez Ib\u00e1\u00f1ez; adem\u00e1s, se entreg\u00f3 equipo de trabajo en altura.<\/p>\n<p>\u2014ooOoo\u2014<\/p>\n","protected":false},"excerpt":{"rendered":"<p>\u25aa\ufe0f Rinde homenaje a mujeres y hombres que se han distinguido por su hero\u00edsmo silencioso \u25aa\ufe0f Anuncian realizaci\u00f3n de foro de Protecci\u00f3n Civil para su profesionalizaci\u00f3n<span class=\"excerpt-hellip\"> [\u2026]<\/span><\/p>\n","protected":false},"author":2,"featured_media":3667,"comment_status":"open","ping_status":"open","sticky":false,"template":"","format":"standard","meta":{"footnotes":""},"categories":[16],"tags":[],"class_list":["post-3665","post","type-post","status-publish","format-standard","has-post-thumbnail","hentry","category-zacatecas"],"_links":{"self":[{"href":"https:\/\/sientetupasion.com\/index.php\/wp-json\/wp\/v2\/posts\/3665","targetHints":{"allow":["GET"]}}],"collection":[{"href":"https:\/\/sientetupasion.com\/index.php\/wp-json\/wp\/v2\/posts"}],"about":[{"href":"https:\/\/sientetupasion.com\/index.php\/wp-json\/wp\/v2\/types\/post"}],"author":[{"embeddable":true,"href":"https:\/\/sientetupasion.com\/index.php\/wp-json\/wp\/v2\/users\/2"}],"replies":[{"embeddable":true,"href":"https:\/\/sientetupasion.com\/index.php\/wp-json\/wp\/v2\/comments?post=3665"}],"version-history":[{"count":1,"href":"https:\/\/sientetupasion.com\/index.php\/wp-json\/wp\/v2\/posts\/3665\/revisions"}],"predecessor-version":[{"id":3666,"href":"https:\/\/sientetupasion.com\/index.php\/wp-json\/wp\/v2\/posts\/3665\/revisions\/3666"}],"wp:featuredmedia":[{"embeddable":true,"href":"https:\/\/sientetupasion.com\/index.php\/wp-json\/wp\/v2\/media\/3667"}],"wp:attachment":[{"href":"https:\/\/sientetupasion.com\/index.php\/wp-json\/wp\/v2\/media?parent=3665"}],"wp:term":[{"taxonomy":"category","embeddable":true,"href":"https:\/\/sientetupasion.com\/index.php\/wp-json\/wp\/v2\/categories?post=3665"},{"taxonomy":"post_tag","embeddable":true,"href":"https:\/\/sientetupasion.com\/index.php\/wp-json\/wp\/v2\/tags?post=3665"}],"curies":[{"name":"wp","href":"https:\/\/api.w.org\/{rel}","templated":true}]}}