{"id":3646,"date":"2024-11-22T09:23:13","date_gmt":"2024-11-22T09:23:13","guid":{"rendered":"https:\/\/sientetupasion.com\/?p=3646"},"modified":"2024-11-22T09:23:13","modified_gmt":"2024-11-22T09:23:13","slug":"reune-zacatecas-a-academicos-de-todo-el-pais-en-segundo-congreso-internacional-de-educacion-media-y-superior","status":"publish","type":"post","link":"https:\/\/sientetupasion.com\/index.php\/2024\/11\/22\/reune-zacatecas-a-academicos-de-todo-el-pais-en-segundo-congreso-internacional-de-educacion-media-y-superior\/","title":{"rendered":"Re\u00fane Zacatecas a acad\u00e9micos de todo el pa\u00eds en Segundo Congreso Internacional de Educaci\u00f3n Media y Superior"},"content":{"rendered":"<p>\u25aa\ufe0f   Celebra Secretaria de Educaci\u00f3n generaci\u00f3n de espacios que fortalezcan la pr\u00e1ctica docente y formaci\u00f3n socioemocional de las y los estudiantes<br \/>\n\u25aa\ufe0f   En la fiesta acad\u00e9mica se presentar\u00e1 el libro Compendio de Estudios Cient\u00edficos y Tecnol\u00f3gicos en torno a la Nueva Escuela Mexicana, emanado del Primer Congreso  <\/p>\n<p>Zacatecas, Zac., 21 de noviembre de 2024.- Con una participaci\u00f3n de cerca de mil acad\u00e9micos e investigadores, el Colegio de Estudios Cient\u00edficos y Tecnol\u00f3gicos del Estado de Zacatecas (Cecytez) celebra el Segundo Congreso Internacional de Educaci\u00f3n Media y Superior, titulado \u201cFortaleciendo la pr\u00e1ctica educativa y la eficiencia terminal hacia una comunidad de aprendizaje y una cultura de paz\u201d. <\/p>\n<p>A nombre del Gobernador David Monreal \u00c1vila, la Secretaria de Educaci\u00f3n, Mar\u00eda del Carmen Salinas Flores, hizo extensivo el saludo del mandatario a los participantes y destac\u00f3 la importancia de que en el campo educativo se generen espacios destinados al aprendizaje, la reflexi\u00f3n, el debate y el intercambio de ideas y experiencias.<\/p>\n<p>Dijo que, en el marco de la Nueva Escuela Mexicana, se busca enriquecer la pr\u00e1ctica docente, la formaci\u00f3n socioemocional, la capacitaci\u00f3n, las tecnolog\u00edas de la informaci\u00f3n y la planeaci\u00f3n educativa, con \u00e9nfasis en la diversidad, la inclusi\u00f3n y los derechos humanos en la educaci\u00f3n.<\/p>\n<p>Los d\u00edas 21 y 22 de noviembre, se reunir\u00e1n investigadores y especialistas en educaci\u00f3n, de los estados de Baja California Norte, Baja California Sur, Oaxaca, Jalisco, Estado de M\u00e9xico, Aguascalientes, Tabasco, Coahuila, Veracruz, San Luis Potos\u00ed, por mencionar algunos, as\u00ed como de Brasil y Colombia, a fin de analizar a profundidad los procesos disciplinares y de investigaci\u00f3n de este nivel educativo.   <\/p>\n<p>El Subsecretario de Educaci\u00f3n Media y Superior, \u00c1lvaro Mart\u00ednez Rodr\u00edguez, expres\u00f3 que este evento es de gran trascendencia para la vida acad\u00e9mica de Zacatecas y de la Educaci\u00f3n Media y Superior en todo M\u00e9xico, pues cada uno de los presentes podr\u00e1 trazar el rumbo para avanzar con el nuevo modelo educativo y lograr una sociedad m\u00e1s justa, inclusiva y humana. <\/p>\n<p>Julio C\u00e9sar Ortiz Fuentes, director general del Cecytez, dijo que, en este 2024, declarado El A\u00f1o de la Paz en Zacatecas, es de suma importancia fortalecer la educaci\u00f3n y, con este congreso, se busca contribuir de manera significativa a la pacificaci\u00f3n del estado, utilizando las mejores herramientas que cubran las exigencias de los estudiantes, para su mayor evoluci\u00f3n cognitiva y social.<\/p>\n<p>A lo largo de estos dos d\u00edas, se ofrecer\u00e1 a las y los participantes una serie de conferencias, talleres, mesas de trabajo, paneles de expertos y presentaciones de libros, uno de \u00e9stos titulado \u201cCompendio de Estudios Cient\u00edficos y Tecnol\u00f3gicos en torno a la Nueva Escuela Mexicana\u201d, que fue emanado del Primer Congreso de Educaci\u00f3n Media y Superior, celebrado en el 2023.<\/p>\n<p>En la inauguraci\u00f3n del evento estuvieron presentes Bernardo Candelas de la Torres, titular de la Oficina de Enlace Educativo de la Secretar\u00eda de Educaci\u00f3n P\u00fablica; Mar\u00eda Dolores Aldaba Andrade, en representaci\u00f3n del rector de la Universidad Aut\u00f3noma de Zacatecas; Iv\u00e1n de Santiago Beltr\u00e1n, en representaci\u00f3n del Secretario de Turismo del Estado; Mauricio Acevedo Rodr\u00edguez, director del Instituto de la Juventud, y Lucio Mendoza Amaro, secretario general del SITCECyTEZ y EMSAD. <\/p>\n<p>\u2014ooOoo\u2014<\/p>\n","protected":false},"excerpt":{"rendered":"<p>\u25aa\ufe0f Celebra Secretaria de Educaci\u00f3n generaci\u00f3n de espacios que fortalezcan la pr\u00e1ctica docente y formaci\u00f3n socioemocional de las y los estudiantes \u25aa\ufe0f En la fiesta acad\u00e9mica<span class=\"excerpt-hellip\"> [\u2026]<\/span><\/p>\n","protected":false},"author":2,"featured_media":3647,"comment_status":"open","ping_status":"open","sticky":false,"template":"","format":"standard","meta":{"footnotes":""},"categories":[16],"tags":[],"class_list":["post-3646","post","type-post","status-publish","format-standard","has-post-thumbnail","hentry","category-zacatecas"],"_links":{"self":[{"href":"https:\/\/sientetupasion.com\/index.php\/wp-json\/wp\/v2\/posts\/3646","targetHints":{"allow":["GET"]}}],"collection":[{"href":"https:\/\/sientetupasion.com\/index.php\/wp-json\/wp\/v2\/posts"}],"about":[{"href":"https:\/\/sientetupasion.com\/index.php\/wp-json\/wp\/v2\/types\/post"}],"author":[{"embeddable":true,"href":"https:\/\/sientetupasion.com\/index.php\/wp-json\/wp\/v2\/users\/2"}],"replies":[{"embeddable":true,"href":"https:\/\/sientetupasion.com\/index.php\/wp-json\/wp\/v2\/comments?post=3646"}],"version-history":[{"count":1,"href":"https:\/\/sientetupasion.com\/index.php\/wp-json\/wp\/v2\/posts\/3646\/revisions"}],"predecessor-version":[{"id":3648,"href":"https:\/\/sientetupasion.com\/index.php\/wp-json\/wp\/v2\/posts\/3646\/revisions\/3648"}],"wp:featuredmedia":[{"embeddable":true,"href":"https:\/\/sientetupasion.com\/index.php\/wp-json\/wp\/v2\/media\/3647"}],"wp:attachment":[{"href":"https:\/\/sientetupasion.com\/index.php\/wp-json\/wp\/v2\/media?parent=3646"}],"wp:term":[{"taxonomy":"category","embeddable":true,"href":"https:\/\/sientetupasion.com\/index.php\/wp-json\/wp\/v2\/categories?post=3646"},{"taxonomy":"post_tag","embeddable":true,"href":"https:\/\/sientetupasion.com\/index.php\/wp-json\/wp\/v2\/tags?post=3646"}],"curies":[{"name":"wp","href":"https:\/\/api.w.org\/{rel}","templated":true}]}}