{"id":3624,"date":"2024-11-22T08:36:30","date_gmt":"2024-11-22T08:36:30","guid":{"rendered":"https:\/\/sientetupasion.com\/?p=3624"},"modified":"2024-11-22T08:36:30","modified_gmt":"2024-11-22T08:36:30","slug":"reforma-de-proteccion-y-cuidado-animal-reconoce-a-los-animales-como-seres-sintientes-geovanna-banuelos","status":"publish","type":"post","link":"https:\/\/sientetupasion.com\/index.php\/2024\/11\/22\/reforma-de-proteccion-y-cuidado-animal-reconoce-a-los-animales-como-seres-sintientes-geovanna-banuelos\/","title":{"rendered":"Reforma de Protecci\u00f3n y Cuidado Animal reconoce a los animales como seres sintientes: Geovanna Ba\u00f1uelos*"},"content":{"rendered":"<p>La senadora Geovanna Ba\u00f1uelos celebr\u00f3 la aprobaci\u00f3n de la reforma constitucional en materia de protecci\u00f3n y cuidado animal, propuesta original del expresidente Andr\u00e9s Manuel L\u00f3pez Obrador que busca consolidar un marco legal que proh\u00edba el maltrato animal, garantice su bienestar y otorgue al Congreso de la Uni\u00f3n la facultad de legislar de manera concurrente con las entidades federativas en esta materia. <\/p>\n<p>\u201cCon esta reforma, M\u00e9xico avanza hacia un modelo m\u00e1s \u00e9tico y responsable en su relaci\u00f3n con los animales\u201d, enfatiz\u00f3.<\/p>\n<p>La vicecoordinadora del Grupo Parlamentario del Partido del Trabajo destac\u00f3 que los cambios en el art\u00edculo 3\u00ba, establece que los planes y programas de estudio incluyan una educaci\u00f3n con perspectiva de protecci\u00f3n y cuidado animal, lo cual representa un cambio cultural significativo. <\/p>\n<p>\u201cA trav\u00e9s de la ense\u00f1anza, formaremos generaciones conscientes de que el respeto hacia los animales es un reflejo de nuestra humanidad y un paso hacia una convivencia arm\u00f3nica con el medio ambiente\u201d, detall\u00f3 la legisladora por Zacatecas.<\/p>\n<p>Mientras que en el art\u00edculo 4\u00ba, se establece una prohibici\u00f3n expl\u00edcita al maltrato animal y la obligaci\u00f3n del Estado de garantizar su protecci\u00f3n y cuidado; un avance que alinea a M\u00e9xico con las mejores pr\u00e1cticas internacionales en pa\u00edses como Alemania, Francia y Colombia que ya reconocen a los animales como seres sintientes.<\/p>\n<p>Geovanna Ba\u00f1uelos asegur\u00f3 que con la aprobaci\u00f3n de esta reforma se atender\u00e1n problem\u00e1ticas como el abuso en la crianza de animales para consumo humano y el uso de animales en espect\u00e1culos lucrativos, asegurando que su trato sea siempre digno y respetuoso.<\/p>\n<p>\u201cPromover el bienestar animal no s\u00f3lo beneficia a los animales, sino tambi\u00e9n a las comunidades humanas que interactuamos con ellos. Adem\u00e1s, estudios han demostrado que el maltrato animal est\u00e1 correlacionado con otras formas de violencia en nuestras sociedades. Al prevenir y sancionar estos actos, contribuimos a construir comunidades m\u00e1s pac\u00edficas y justas\u201d, se\u00f1al\u00f3.<\/p>\n<p>Finalmente, la representante por Zacatecas sostuvo que la reforma representa un cambio paradigm\u00e1tico, al reconocer a los animales como seres sintientes y legislar para su protecci\u00f3n, \u201ces un acto de justicia, empat\u00eda y civilizaci\u00f3n. Cuidar de los animales es tambi\u00e9n cuidar de nosotros mismos y de las generaciones que est\u00e1n por venir y de la propia sociedad. Es tiempo de dar este paso hist\u00f3rico\u201d, sentenci\u00f3 Geovanna Ba\u00f1uelos.<\/p>\n","protected":false},"excerpt":{"rendered":"<p>La senadora Geovanna Ba\u00f1uelos celebr\u00f3 la aprobaci\u00f3n de la reforma constitucional en materia de protecci\u00f3n y cuidado animal, propuesta original del expresidente Andr\u00e9s Manuel L\u00f3pez Obrador<span class=\"excerpt-hellip\"> [\u2026]<\/span><\/p>\n","protected":false},"author":2,"featured_media":3625,"comment_status":"open","ping_status":"open","sticky":false,"template":"","format":"standard","meta":{"footnotes":""},"categories":[8],"tags":[],"class_list":["post-3624","post","type-post","status-publish","format-standard","has-post-thumbnail","hentry","category-politica"],"_links":{"self":[{"href":"https:\/\/sientetupasion.com\/index.php\/wp-json\/wp\/v2\/posts\/3624","targetHints":{"allow":["GET"]}}],"collection":[{"href":"https:\/\/sientetupasion.com\/index.php\/wp-json\/wp\/v2\/posts"}],"about":[{"href":"https:\/\/sientetupasion.com\/index.php\/wp-json\/wp\/v2\/types\/post"}],"author":[{"embeddable":true,"href":"https:\/\/sientetupasion.com\/index.php\/wp-json\/wp\/v2\/users\/2"}],"replies":[{"embeddable":true,"href":"https:\/\/sientetupasion.com\/index.php\/wp-json\/wp\/v2\/comments?post=3624"}],"version-history":[{"count":1,"href":"https:\/\/sientetupasion.com\/index.php\/wp-json\/wp\/v2\/posts\/3624\/revisions"}],"predecessor-version":[{"id":3626,"href":"https:\/\/sientetupasion.com\/index.php\/wp-json\/wp\/v2\/posts\/3624\/revisions\/3626"}],"wp:featuredmedia":[{"embeddable":true,"href":"https:\/\/sientetupasion.com\/index.php\/wp-json\/wp\/v2\/media\/3625"}],"wp:attachment":[{"href":"https:\/\/sientetupasion.com\/index.php\/wp-json\/wp\/v2\/media?parent=3624"}],"wp:term":[{"taxonomy":"category","embeddable":true,"href":"https:\/\/sientetupasion.com\/index.php\/wp-json\/wp\/v2\/categories?post=3624"},{"taxonomy":"post_tag","embeddable":true,"href":"https:\/\/sientetupasion.com\/index.php\/wp-json\/wp\/v2\/tags?post=3624"}],"curies":[{"name":"wp","href":"https:\/\/api.w.org\/{rel}","templated":true}]}}