{"id":3537,"date":"2024-11-19T23:41:14","date_gmt":"2024-11-19T23:41:14","guid":{"rendered":"https:\/\/sientetupasion.com\/?p=3537"},"modified":"2024-11-19T23:41:14","modified_gmt":"2024-11-19T23:41:14","slug":"anuncia-gobierno-de-zacatecas-programa-artistico-de-la-verbena-familiar-revolucionaria","status":"publish","type":"post","link":"https:\/\/sientetupasion.com\/index.php\/2024\/11\/19\/anuncia-gobierno-de-zacatecas-programa-artistico-de-la-verbena-familiar-revolucionaria\/","title":{"rendered":"Anuncia Gobierno de Zacatecas programa art\u00edstico de la Verbena Familiar Revolucionaria"},"content":{"rendered":"<p>\u25aa  El evento se realizar\u00e1 este mi\u00e9rcoles 20 de noviembre, en la Alameda \u201cTrinidad Garc\u00eda de la Cadena\u201d, a partir de las 10:00 horas<br \/>\n\u25aa  Se ofrecer\u00e1, a lo largo del d\u00eda, venta de antojitos mexicanos y un programa de entretenimiento para toda la familia, con danza, obras de teatro y m\u00e1s <\/p>\n<p>Zacatecas, Zac., 19 de noviembre de 2024.- Este mi\u00e9rcoles 20 de noviembre, la Alameda \u201cTrinidad Garc\u00eda de la Cadena\u201d, de la capital del estado, se vestir\u00e1 de fiesta para recibir a las y los zacatecanos, quienes tendr\u00e1n oportunidad de formar parte de la Verbena Familiar Revolucionaria, a realizarse de 10:00 a 18:00 horas.<\/p>\n<p>El Gobierno de Zacatecas, encabezado por el mandatario estatal David Monreal \u00c1vila, invita a las familias zacatecanas a formar parte de este evento, en el que se ofrecer\u00e1n antojitos mexicanos, mientras se disfruta de una serie de actividades culturales y de entretenimiento para todas las edades, a trav\u00e9s de una jornada festiva en honor a la historia y tradiciones.<\/p>\n<p>Este evento, organizado a trav\u00e9s del Sistema Estatal para el Desarrollo Integral de la Familia (SEDIF), que preside la se\u00f1ora Sara Hern\u00e1ndez de Monreal, ofrecer\u00e1, a lo largo del d\u00eda, venta de antojitos mexicanos, para que los asistentes disfruten de los sabores t\u00edpicos de la regi\u00f3n, mientras se sumergen en las festividades; adem\u00e1s, se presentar\u00e1n diversas manifestaciones culturales y art\u00edsticas.<\/p>\n<p>En punto de las 11:00 horas, se presentar\u00e1 el Show infantil \u201cFamilia Lee\u201d, un espect\u00e1culo lleno de diversi\u00f3n y aprendizaje para los m\u00e1s peque\u00f1os; a las 12:00 horas, se realizar\u00e1 la premiaci\u00f3n del Concurso de Arcos y Fachadas del Centro Hist\u00f3rico, realizado en el marco del Festival D\u00eda de Muertos \u201cSomos Tradiciones\u201d, donde ser\u00e1n reconocidos los participantes que embellecieron las calles con la magia de esta festividad.<\/p>\n<p>A las 12:30 horas, el Ballet Folcl\u00f3rico de la Secretar\u00eda de Educaci\u00f3n de Zacatecas \u201cGustavo Vaquera Contreras\u201d, dar\u00e1 muestra de diversas danzas y las tradiciones m\u00e1s arraigadas, a cargo de talentosos bailarines del estado.<\/p>\n<p>A partir de las13:30 horas, se presentar\u00e1 un n\u00famero musical al ritmo de mariachi, el cual llenar\u00e1 de m\u00fasica y alegr\u00eda el ambiente con sus melod\u00edas; al filo de las 14:30 horas, se har\u00e1 presente el Ballet Folcl\u00f3rico de Zacatecas, el cual brillar\u00e1 con un espect\u00e1culo lleno de color y ritmo; a las 15:30 horas, el evento ser\u00e1 amenizado por acompa\u00f1antes musicales en Educaci\u00f3n Preescolar de la Regi\u00f3n 08 de Jerez, Zacatecas. <\/p>\n<p>Al llegar las 16:30 horas, la obra infantil \u201cEl Rey Le\u00f3n\u201d, de Vima Producciones, ofrecer\u00e1 un momento de entretenimiento, a trav\u00e9s de un cl\u00e1sico para los m\u00e1s peque\u00f1os, que promete emocionar a toda la familia; y, finalmente, a las 17:30 horas, el grupo folcl\u00f3rico del Colegio de Estudios Cient\u00edficos y Tecnol\u00f3gicos de Zacatecas (Cecytez), deleitar\u00e1 con su pasi\u00f3n por el baile folcl\u00f3rico.<\/p>\n<p>La Verbena Familiar Revolucionaria es un evento gratuito, con actividades para todos los gustos, en el que se celebra el esp\u00edritu de unidad, tradici\u00f3n y alegr\u00eda que caracteriza a las y los zacatecanos.<\/p>\n<p>\u2014ooOoo\u2014<\/p>\n","protected":false},"excerpt":{"rendered":"<p>\u25aa El evento se realizar\u00e1 este mi\u00e9rcoles 20 de noviembre, en la Alameda \u201cTrinidad Garc\u00eda de la Cadena\u201d, a partir de las 10:00 horas \u25aa Se<span class=\"excerpt-hellip\"> [\u2026]<\/span><\/p>\n","protected":false},"author":2,"featured_media":3539,"comment_status":"open","ping_status":"open","sticky":false,"template":"","format":"standard","meta":{"footnotes":""},"categories":[16],"tags":[],"class_list":["post-3537","post","type-post","status-publish","format-standard","has-post-thumbnail","hentry","category-zacatecas"],"_links":{"self":[{"href":"https:\/\/sientetupasion.com\/index.php\/wp-json\/wp\/v2\/posts\/3537","targetHints":{"allow":["GET"]}}],"collection":[{"href":"https:\/\/sientetupasion.com\/index.php\/wp-json\/wp\/v2\/posts"}],"about":[{"href":"https:\/\/sientetupasion.com\/index.php\/wp-json\/wp\/v2\/types\/post"}],"author":[{"embeddable":true,"href":"https:\/\/sientetupasion.com\/index.php\/wp-json\/wp\/v2\/users\/2"}],"replies":[{"embeddable":true,"href":"https:\/\/sientetupasion.com\/index.php\/wp-json\/wp\/v2\/comments?post=3537"}],"version-history":[{"count":1,"href":"https:\/\/sientetupasion.com\/index.php\/wp-json\/wp\/v2\/posts\/3537\/revisions"}],"predecessor-version":[{"id":3538,"href":"https:\/\/sientetupasion.com\/index.php\/wp-json\/wp\/v2\/posts\/3537\/revisions\/3538"}],"wp:featuredmedia":[{"embeddable":true,"href":"https:\/\/sientetupasion.com\/index.php\/wp-json\/wp\/v2\/media\/3539"}],"wp:attachment":[{"href":"https:\/\/sientetupasion.com\/index.php\/wp-json\/wp\/v2\/media?parent=3537"}],"wp:term":[{"taxonomy":"category","embeddable":true,"href":"https:\/\/sientetupasion.com\/index.php\/wp-json\/wp\/v2\/categories?post=3537"},{"taxonomy":"post_tag","embeddable":true,"href":"https:\/\/sientetupasion.com\/index.php\/wp-json\/wp\/v2\/tags?post=3537"}],"curies":[{"name":"wp","href":"https:\/\/api.w.org\/{rel}","templated":true}]}}