{"id":3534,"date":"2024-11-19T23:40:03","date_gmt":"2024-11-19T23:40:03","guid":{"rendered":"https:\/\/sientetupasion.com\/?p=3534"},"modified":"2024-11-19T23:40:03","modified_gmt":"2024-11-19T23:40:03","slug":"se-suma-zacatecas-a-la-agenda-de-derechos-humanos-de-la-presidenta-claudia-sheinbaum","status":"publish","type":"post","link":"https:\/\/sientetupasion.com\/index.php\/2024\/11\/19\/se-suma-zacatecas-a-la-agenda-de-derechos-humanos-de-la-presidenta-claudia-sheinbaum\/","title":{"rendered":"Se suma Zacatecas a la Agenda de Derechos Humanos de la Presidenta Claudia Sheinbaum"},"content":{"rendered":"<p>\u25aa  Participa Secretario General de Gobierno, Rodrigo Reyes Mug\u00fcerza, en reuni\u00f3n convocada por la Secretaria de Gobernaci\u00f3n, Rosa Icela Rodr\u00edguez Vel\u00e1zquez<br \/>\n\u25aa  Asumen compromisos en torno a la b\u00fasqueda de personas y el establecimiento de mecanismos para erradicar la discriminaci\u00f3n<\/p>\n<p>Ciudad de M\u00e9xico, 19 de noviembre de 2024.- Al refrendar el compromiso de fortalecer la pol\u00edtica de protecci\u00f3n de los derechos fundamentales de las y los zacatecanos, la administraci\u00f3n que encabeza el Gobernador David Monreal \u00c1vila, se sum\u00f3 a la Agenda Nacional de Derechos Humanos, que impulsa la Presidenta Claudia Sheinbaum Pardo.<\/p>\n<p>El Secretario General de Gobierno, Rodrigo Reyes Mug\u00fcerza, inform\u00f3 que, en el encuentro con la Secretaria de Gobernaci\u00f3n, Rosa Icela Rodr\u00edguez Vel\u00e1zquez, \u201casumimos compromisos en torno a la b\u00fasqueda de personas y en el establecimiento de mecanismos que nos permitan erradicar la discriminaci\u00f3n\u201d.<\/p>\n<p>Asimismo, dijo, hicimos \u00e9nfasis en la importancia de establecer modelos municipales de atenci\u00f3n a grupos prioritarios, a fin de garantizarles sus derechos, a trav\u00e9s del trabajo conjunto para reconstruir el tejido social.<\/p>\n<p>En la reuni\u00f3n a la que se convoc\u00f3 a los secretarios generales de los gobiernos estatales, tambi\u00e9n se hizo referencia a la creaci\u00f3n de instrumentos para la atenci\u00f3n pac\u00edfica al derecho de protesta en los estados.<\/p>\n<p>En su participaci\u00f3n en el encuentro celebrado en el sal\u00f3n Revoluci\u00f3n de la Secretar\u00eda de Gobernaci\u00f3n, Reyes Mug\u00fcerza destac\u00f3 las acciones que se emprenden para la pacificaci\u00f3n del estado y el establecimiento de una agenda de paz, que ha permitido no solamente disminuir el \u00edndice de homicidios en m\u00e1s del 70 por ciento, sino el fortalecimiento de la prevenci\u00f3n del delito y las violencias, como pilar fundamental para la reconstrucci\u00f3n del tejido social. <\/p>\n<p>Este trabajo, que se lleva a cabo desde el inicio de la administraci\u00f3n del Gobernador David Monreal \u00c1vila, toma en cuenta, como temas prioritarios, la b\u00fasqueda de personas y la erradicaci\u00f3n de la discriminaci\u00f3n, mismos que se enmarcan en la estrategia transversal que desde el Gobierno de M\u00e9xico se impulsa.<\/p>\n<p>Reyes Mug\u00fcerza record\u00f3 que el mandatario zacatecano ha manifestado su determinaci\u00f3n de impulsar y fomentar la protecci\u00f3n de los derechos humanos en la entidad, a trav\u00e9s de acciones encaminadas a su fortalecimiento, con el prop\u00f3sito de que las y los ciudadanos puedan gozar plenamente de sus derechos a la salud, educaci\u00f3n, trabajo, a la no discriminaci\u00f3n, entre otros.<\/p>\n<p>Finalmente, refrend\u00f3 el compromiso del Gobierno de Zacatecas de sumarse a las acciones que la Presidenta Claudia Sheinbaum Pardo lleve a cabo en este rengl\u00f3n y la estrategia de pacificaci\u00f3n.<\/p>\n<p>\u2014ooOoo\u2014<\/p>\n","protected":false},"excerpt":{"rendered":"<p>\u25aa Participa Secretario General de Gobierno, Rodrigo Reyes Mug\u00fcerza, en reuni\u00f3n convocada por la Secretaria de Gobernaci\u00f3n, Rosa Icela Rodr\u00edguez Vel\u00e1zquez \u25aa Asumen compromisos en torno<span class=\"excerpt-hellip\"> [\u2026]<\/span><\/p>\n","protected":false},"author":2,"featured_media":3535,"comment_status":"open","ping_status":"open","sticky":false,"template":"","format":"standard","meta":{"footnotes":""},"categories":[16],"tags":[],"class_list":["post-3534","post","type-post","status-publish","format-standard","has-post-thumbnail","hentry","category-zacatecas"],"_links":{"self":[{"href":"https:\/\/sientetupasion.com\/index.php\/wp-json\/wp\/v2\/posts\/3534","targetHints":{"allow":["GET"]}}],"collection":[{"href":"https:\/\/sientetupasion.com\/index.php\/wp-json\/wp\/v2\/posts"}],"about":[{"href":"https:\/\/sientetupasion.com\/index.php\/wp-json\/wp\/v2\/types\/post"}],"author":[{"embeddable":true,"href":"https:\/\/sientetupasion.com\/index.php\/wp-json\/wp\/v2\/users\/2"}],"replies":[{"embeddable":true,"href":"https:\/\/sientetupasion.com\/index.php\/wp-json\/wp\/v2\/comments?post=3534"}],"version-history":[{"count":1,"href":"https:\/\/sientetupasion.com\/index.php\/wp-json\/wp\/v2\/posts\/3534\/revisions"}],"predecessor-version":[{"id":3536,"href":"https:\/\/sientetupasion.com\/index.php\/wp-json\/wp\/v2\/posts\/3534\/revisions\/3536"}],"wp:featuredmedia":[{"embeddable":true,"href":"https:\/\/sientetupasion.com\/index.php\/wp-json\/wp\/v2\/media\/3535"}],"wp:attachment":[{"href":"https:\/\/sientetupasion.com\/index.php\/wp-json\/wp\/v2\/media?parent=3534"}],"wp:term":[{"taxonomy":"category","embeddable":true,"href":"https:\/\/sientetupasion.com\/index.php\/wp-json\/wp\/v2\/categories?post=3534"},{"taxonomy":"post_tag","embeddable":true,"href":"https:\/\/sientetupasion.com\/index.php\/wp-json\/wp\/v2\/tags?post=3534"}],"curies":[{"name":"wp","href":"https:\/\/api.w.org\/{rel}","templated":true}]}}