{"id":34966,"date":"2026-09-02T09:13:46","date_gmt":"2026-09-02T15:13:46","guid":{"rendered":"https:\/\/sientetupasion.com\/?p=34966"},"modified":"2026-09-02T09:13:46","modified_gmt":"2026-09-02T15:13:46","slug":"reconoce-fgjez-labor-del-personal-pericial-en-el-dia-nacional-del-perito","status":"publish","type":"post","link":"https:\/\/sientetupasion.com\/index.php\/2026\/09\/02\/reconoce-fgjez-labor-del-personal-pericial-en-el-dia-nacional-del-perito\/","title":{"rendered":"RECONOCE FGJEZ LABOR DEL PERSONAL PERICIAL EN EL D\u00cdA NACIONAL DEL PERITO"},"content":{"rendered":"<p>&nbsp;<\/p>\n<p>En el marco del D\u00eda Nacional del Perito, que se conmemora cada 1 de septiembre para reconocer la importancia de las y los especialistas que aportan conocimiento cient\u00edfico y t\u00e9cnico a la investigaci\u00f3n de los delitos y a los procesos penales, la Fiscal\u00eda General de Justicia del Estado de Zacatecas llev\u00f3 a cabo un evento para reconocer la labor, compromiso y profesionalismo del personal pericial.<\/p>\n<p>Durante la ceremonia se entregaron 24 reconocimientos al personal de la FGJEZ, de los cuales 9 fueron otorgados por liderazgo a jefes de departamento y coordinadores, y 15 por productividad, como reconocimiento a su desempe\u00f1o y aportaci\u00f3n al trabajo pericial.<\/p>\n<p>Como parte de las actividades, el Dr. Aurelio Israel Coronado Mares, psic\u00f3logo forense, perito, investigador y consultor internacional en derechos humanos, imparti\u00f3 la ponencia \u201cReforma Forense: Del Perito al Investigador Forense\u201d.<\/p>\n<p>Asimismo, la Mtra. Jessica Joseline Narv\u00e1ez Flores, Presidenta de la Federaci\u00f3n Mexicana de Criminolog\u00eda y Criminal\u00edstica, present\u00f3 la ponencia \u201cPeritos que trascienden: liderazgo y excelencia en las ciencias forenses\u201d.<\/p>\n<p>La Fiscal\u00eda General de Justicia del Estado de Zacatecas reconoce y felicita a las y los peritos por su vocaci\u00f3n, profesionalismo y compromiso con una labor fundamental para el esclarecimiento de los hechos y el acceso a la justicia.<\/p>\n","protected":false},"excerpt":{"rendered":"<p>&nbsp; En el marco del D\u00eda Nacional del Perito, que se conmemora cada 1 de septiembre para reconocer la importancia de las y los especialistas que<span class=\"excerpt-hellip\"> [\u2026]<\/span><\/p>\n","protected":false},"author":2,"featured_media":34967,"comment_status":"open","ping_status":"open","sticky":false,"template":"","format":"standard","meta":{"footnotes":""},"categories":[9],"tags":[],"class_list":["post-34966","post","type-post","status-publish","format-standard","has-post-thumbnail","hentry","category-seguridad"],"_links":{"self":[{"href":"https:\/\/sientetupasion.com\/index.php\/wp-json\/wp\/v2\/posts\/34966","targetHints":{"allow":["GET"]}}],"collection":[{"href":"https:\/\/sientetupasion.com\/index.php\/wp-json\/wp\/v2\/posts"}],"about":[{"href":"https:\/\/sientetupasion.com\/index.php\/wp-json\/wp\/v2\/types\/post"}],"author":[{"embeddable":true,"href":"https:\/\/sientetupasion.com\/index.php\/wp-json\/wp\/v2\/users\/2"}],"replies":[{"embeddable":true,"href":"https:\/\/sientetupasion.com\/index.php\/wp-json\/wp\/v2\/comments?post=34966"}],"version-history":[{"count":1,"href":"https:\/\/sientetupasion.com\/index.php\/wp-json\/wp\/v2\/posts\/34966\/revisions"}],"predecessor-version":[{"id":34968,"href":"https:\/\/sientetupasion.com\/index.php\/wp-json\/wp\/v2\/posts\/34966\/revisions\/34968"}],"wp:featuredmedia":[{"embeddable":true,"href":"https:\/\/sientetupasion.com\/index.php\/wp-json\/wp\/v2\/media\/34967"}],"wp:attachment":[{"href":"https:\/\/sientetupasion.com\/index.php\/wp-json\/wp\/v2\/media?parent=34966"}],"wp:term":[{"taxonomy":"category","embeddable":true,"href":"https:\/\/sientetupasion.com\/index.php\/wp-json\/wp\/v2\/categories?post=34966"},{"taxonomy":"post_tag","embeddable":true,"href":"https:\/\/sientetupasion.com\/index.php\/wp-json\/wp\/v2\/tags?post=34966"}],"curies":[{"name":"wp","href":"https:\/\/api.w.org\/{rel}","templated":true}]}}