{"id":34918,"date":"2026-09-02T08:18:35","date_gmt":"2026-09-02T14:18:35","guid":{"rendered":"https:\/\/sientetupasion.com\/?p=34918"},"modified":"2026-09-02T08:18:35","modified_gmt":"2026-09-02T14:18:35","slug":"refuerzan-medidas-en-el-relleno-sanitario-de-sain-alto-para-prevenir-incendios-y-proteger-la-salud","status":"publish","type":"post","link":"https:\/\/sientetupasion.com\/index.php\/2026\/09\/02\/refuerzan-medidas-en-el-relleno-sanitario-de-sain-alto-para-prevenir-incendios-y-proteger-la-salud\/","title":{"rendered":"Refuerzan medidas en el relleno sanitario de Sa\u00edn Alto para prevenir incendios y proteger la salud"},"content":{"rendered":"<h1><\/h1>\n<p class=\"isSelectedEnd\"><strong>Sa\u00edn Alto, Zac.-<\/strong> Con la entrada en vigor del Reglamento de Protecci\u00f3n Ambiental del municipio, autoridades del Gobierno Municipal de Sa\u00edn Alto reforzaron las medidas de prevenci\u00f3n en el relleno sanitario, con el objetivo de reducir el riesgo de incendios y proteger la salud e integridad de las personas que realizan actividades de pepena, as\u00ed como de la poblaci\u00f3n en general.<\/p>\n<p class=\"isSelectedEnd\">En representaci\u00f3n del presidente municipal, <strong>Ignacio G\u00f3mez Almaraz<\/strong>, el secretario de Gobierno Municipal, <strong>Ing. David Trejo Partida<\/strong>, sostuvo una reuni\u00f3n con las personas que realizan estas actividades en el relleno sanitario, en coordinaci\u00f3n con el titular de la Coordinaci\u00f3n Municipal de Protecci\u00f3n Civil y Bomberos, <strong>Josu\u00e9 Jeova Carmona Montes de Oca<\/strong>, y el director de Obras y Servicios P\u00fablicos, <strong>Ing. Roberto Aldaba Bernal<\/strong>.<\/p>\n<p class=\"isSelectedEnd\">Durante el encuentro se abordaron las acciones necesarias para prevenir incendios, reducir riesgos y garantizar el cumplimiento de los protocolos y lineamientos establecidos por las autoridades.<\/p>\n<p class=\"isSelectedEnd\">Entre los principales acuerdos destaca la implementaci\u00f3n de un <strong>registro oficial de las personas autorizadas para ingresar al relleno sanitario<\/strong>, por lo que \u00fanicamente quienes cumplan con los requisitos establecidos podr\u00e1n desarrollar actividades dentro de este espacio.<\/p>\n<p class=\"isSelectedEnd\">Asimismo, se determin\u00f3 establecer un horario de trabajo de <strong>6:00 de la ma\u00f1ana a 6:30 de la tarde<\/strong>, quedando restringida la permanencia de personas fuera de este periodo. Esta medida busca prevenir situaciones de riesgo, ya que se ha identificado que los incendios registrados en el lugar ocurren principalmente durante horarios nocturnos.<\/p>\n<p class=\"isSelectedEnd\">El presidente municipal, <strong>Ignacio G\u00f3mez Almaraz<\/strong>, ha manifestado su preocupaci\u00f3n por las consecuencias que los incendios en el relleno sanitario pueden generar, tanto para la salud de quienes trabajan en el lugar como para la poblaci\u00f3n de la cabecera municipal, debido al humo y a los contaminantes que pueden dispersarse en el ambiente.<\/p>\n<p class=\"isSelectedEnd\">Por ello, se acordaron medidas adicionales de prevenci\u00f3n y se hizo un llamado a la ciudadan\u00eda para que, al acudir a depositar sus residuos, lo haga dentro del per\u00edmetro establecido o en el sitio indicado por la persona responsable del relleno sanitario.<\/p>\n<p class=\"isSelectedEnd\">El Gobierno Municipal de Sa\u00edn Alto reiter\u00f3 que la prevenci\u00f3n y el cumplimiento de los lineamientos ambientales requieren de la participaci\u00f3n de toda la poblaci\u00f3n.<\/p>\n<p><strong>Cuidar el relleno sanitario tambi\u00e9n significa cuidar la salud, el medio ambiente y el bienestar de las familias de Sa\u00edn Alto.<\/strong><\/p>\n","protected":false},"excerpt":{"rendered":"<p>Sa\u00edn Alto, Zac.- Con la entrada en vigor del Reglamento de Protecci\u00f3n Ambiental del municipio, autoridades del Gobierno Municipal de Sa\u00edn Alto reforzaron las medidas de<span class=\"excerpt-hellip\"> [\u2026]<\/span><\/p>\n","protected":false},"author":2,"featured_media":34919,"comment_status":"open","ping_status":"open","sticky":false,"template":"","format":"standard","meta":{"footnotes":""},"categories":[45],"tags":[],"class_list":["post-34918","post","type-post","status-publish","format-standard","has-post-thumbnail","hentry","category-sain-alto"],"_links":{"self":[{"href":"https:\/\/sientetupasion.com\/index.php\/wp-json\/wp\/v2\/posts\/34918","targetHints":{"allow":["GET"]}}],"collection":[{"href":"https:\/\/sientetupasion.com\/index.php\/wp-json\/wp\/v2\/posts"}],"about":[{"href":"https:\/\/sientetupasion.com\/index.php\/wp-json\/wp\/v2\/types\/post"}],"author":[{"embeddable":true,"href":"https:\/\/sientetupasion.com\/index.php\/wp-json\/wp\/v2\/users\/2"}],"replies":[{"embeddable":true,"href":"https:\/\/sientetupasion.com\/index.php\/wp-json\/wp\/v2\/comments?post=34918"}],"version-history":[{"count":1,"href":"https:\/\/sientetupasion.com\/index.php\/wp-json\/wp\/v2\/posts\/34918\/revisions"}],"predecessor-version":[{"id":34920,"href":"https:\/\/sientetupasion.com\/index.php\/wp-json\/wp\/v2\/posts\/34918\/revisions\/34920"}],"wp:featuredmedia":[{"embeddable":true,"href":"https:\/\/sientetupasion.com\/index.php\/wp-json\/wp\/v2\/media\/34919"}],"wp:attachment":[{"href":"https:\/\/sientetupasion.com\/index.php\/wp-json\/wp\/v2\/media?parent=34918"}],"wp:term":[{"taxonomy":"category","embeddable":true,"href":"https:\/\/sientetupasion.com\/index.php\/wp-json\/wp\/v2\/categories?post=34918"},{"taxonomy":"post_tag","embeddable":true,"href":"https:\/\/sientetupasion.com\/index.php\/wp-json\/wp\/v2\/tags?post=34918"}],"curies":[{"name":"wp","href":"https:\/\/api.w.org\/{rel}","templated":true}]}}