{"id":34915,"date":"2026-09-02T08:16:51","date_gmt":"2026-09-02T14:16:51","guid":{"rendered":"https:\/\/sientetupasion.com\/?p=34915"},"modified":"2026-09-02T08:16:51","modified_gmt":"2026-09-02T14:16:51","slug":"la-educacion-eje-prioritario-para-el-desarrollo-de-sain-alto","status":"publish","type":"post","link":"https:\/\/sientetupasion.com\/index.php\/2026\/09\/02\/la-educacion-eje-prioritario-para-el-desarrollo-de-sain-alto\/","title":{"rendered":"La educaci\u00f3n, eje prioritario para el desarrollo de Sa\u00edn Alto"},"content":{"rendered":"<h1><\/h1>\n<p class=\"isSelectedEnd\"><strong>Sa\u00edn Alto, Zac.-<\/strong> Con el firme compromiso de continuar fortaleciendo la educaci\u00f3n como uno de los pilares para el desarrollo del municipio, el secretario de Gobierno, <strong>Ing. David Trejo Partida<\/strong>, acudi\u00f3 en representaci\u00f3n del presidente municipal, <strong>C. Ignacio G\u00f3mez Almaraz<\/strong>, al arranque oficial del nuevo ciclo escolar en la <strong>Escuela Secundaria T\u00e9cnica No. 10<\/strong> de la cabecera municipal.<\/p>\n<p class=\"isSelectedEnd\">Durante el inicio de actividades, autoridades municipales acompa\u00f1aron a la comunidad educativa en esta nueva etapa, reafirmando la importancia de mantener una estrecha colaboraci\u00f3n entre estudiantes, docentes, personal de apoyo y madres y padres de familia.<\/p>\n<p class=\"isSelectedEnd\">La educaci\u00f3n es uno de los ejes centrales de la administraci\u00f3n municipal 2024-2027 que encabeza Ignacio G\u00f3mez Almaraz, al reconocer que brindar mejores condiciones y oportunidades a ni\u00f1as, ni\u00f1os y j\u00f3venes contribuye directamente al desarrollo, bienestar y futuro de las familias de Sa\u00edn Alto.<\/p>\n<p class=\"isSelectedEnd\">El Gobierno Municipal destac\u00f3 que cada ciclo escolar representa una nueva oportunidad para aprender, crecer y construir metas, gracias al esfuerzo conjunto de quienes forman parte de la comunidad educativa.<\/p>\n<p class=\"isSelectedEnd\">La administraci\u00f3n municipal de Sa\u00edn Alto dese\u00f3 el mayor de los \u00e9xitos a las y los estudiantes, docentes, personal de apoyo y familias en este nuevo ciclo escolar.<\/p>\n<p><strong>Que este ciclo escolar est\u00e9 lleno de aprendizajes, metas cumplidas y grandes oportunidades para toda la comunidad educativa de Sa\u00edn Alto.<\/strong><\/p>\n","protected":false},"excerpt":{"rendered":"<p>Sa\u00edn Alto, Zac.- Con el firme compromiso de continuar fortaleciendo la educaci\u00f3n como uno de los pilares para el desarrollo del municipio, el secretario de Gobierno,<span class=\"excerpt-hellip\"> [\u2026]<\/span><\/p>\n","protected":false},"author":2,"featured_media":34916,"comment_status":"open","ping_status":"open","sticky":false,"template":"","format":"standard","meta":{"footnotes":""},"categories":[45],"tags":[],"class_list":["post-34915","post","type-post","status-publish","format-standard","has-post-thumbnail","hentry","category-sain-alto"],"_links":{"self":[{"href":"https:\/\/sientetupasion.com\/index.php\/wp-json\/wp\/v2\/posts\/34915","targetHints":{"allow":["GET"]}}],"collection":[{"href":"https:\/\/sientetupasion.com\/index.php\/wp-json\/wp\/v2\/posts"}],"about":[{"href":"https:\/\/sientetupasion.com\/index.php\/wp-json\/wp\/v2\/types\/post"}],"author":[{"embeddable":true,"href":"https:\/\/sientetupasion.com\/index.php\/wp-json\/wp\/v2\/users\/2"}],"replies":[{"embeddable":true,"href":"https:\/\/sientetupasion.com\/index.php\/wp-json\/wp\/v2\/comments?post=34915"}],"version-history":[{"count":1,"href":"https:\/\/sientetupasion.com\/index.php\/wp-json\/wp\/v2\/posts\/34915\/revisions"}],"predecessor-version":[{"id":34917,"href":"https:\/\/sientetupasion.com\/index.php\/wp-json\/wp\/v2\/posts\/34915\/revisions\/34917"}],"wp:featuredmedia":[{"embeddable":true,"href":"https:\/\/sientetupasion.com\/index.php\/wp-json\/wp\/v2\/media\/34916"}],"wp:attachment":[{"href":"https:\/\/sientetupasion.com\/index.php\/wp-json\/wp\/v2\/media?parent=34915"}],"wp:term":[{"taxonomy":"category","embeddable":true,"href":"https:\/\/sientetupasion.com\/index.php\/wp-json\/wp\/v2\/categories?post=34915"},{"taxonomy":"post_tag","embeddable":true,"href":"https:\/\/sientetupasion.com\/index.php\/wp-json\/wp\/v2\/tags?post=34915"}],"curies":[{"name":"wp","href":"https:\/\/api.w.org\/{rel}","templated":true}]}}