{"id":34881,"date":"2026-08-31T19:55:21","date_gmt":"2026-09-01T01:55:21","guid":{"rendered":"https:\/\/sientetupasion.com\/?p=34881"},"modified":"2026-08-31T19:55:21","modified_gmt":"2026-09-01T01:55:21","slug":"mario-macias-impulsa-obras-y-acciones-en-el-jazmin-y-comunidades-de-la-region","status":"publish","type":"post","link":"https:\/\/sientetupasion.com\/index.php\/2026\/08\/31\/mario-macias-impulsa-obras-y-acciones-en-el-jazmin-y-comunidades-de-la-region\/","title":{"rendered":"Mario Mac\u00edas impulsa obras y acciones en El Jazm\u00edn y comunidades de la regi\u00f3n"},"content":{"rendered":"<div class=\"flex max-w-full flex-col gap-4 grow\">\n<div class=\"min-h-8 text-message relative flex w-full flex-col items-end gap-2 text-start break-words whitespace-normal outline-none keyboard-focused:focus-ring [.text-message+&amp;]:mt-1\" dir=\"auto\" tabindex=\"0\" data-message-author-role=\"assistant\" data-message-id=\"47f42741-b8ea-40ef-8673-dc2ac66527e5\" data-message-model-slug=\"gpt-5-6\" data-turn-start-message=\"true\">\n<div class=\"flex w-full flex-col gap-1 empty:hidden\">\n<div class=\"fbskMG_root markdown prose dark:prose-invert wrap-break-word w-full dark markdown-new-styling\">\n<h3 class=\"PDq2pG_selectionAnchorContainer\" data-section-id=\"1bdqunm\" data-start=\"0\" data-end=\"81\"><\/h3>\n<p data-start=\"83\" data-end=\"417\"><strong data-start=\"83\" data-end=\"107\">Mazapil, Zacatecas.\u2013<\/strong> El presidente municipal de Mazapil, <strong data-start=\"144\" data-end=\"167\">Mario Mac\u00edas Z\u00fa\u00f1iga<\/strong>, acompa\u00f1ado por integrantes del Ayuntamiento, encabez\u00f3 una jornada de trabajo en la comunidad de <strong data-start=\"265\" data-end=\"278\">El Jazm\u00edn<\/strong>, donde se dio arranque y seguimiento a diversas obras destinadas a mejorar los caminos, los servicios y la infraestructura de esta regi\u00f3n.<\/p>\n<p data-start=\"419\" data-end=\"749\">Como parte de las acciones realizadas, se dio el banderazo de inicio al <strong data-start=\"491\" data-end=\"543\">revestimiento de una calle c\u00e9ntrica de El Jazm\u00edn<\/strong>, adem\u00e1s de llevarse a cabo la entrega de la <strong data-start=\"588\" data-end=\"644\">sombra construida en el atrio de la iglesia cat\u00f3lica<\/strong>, obra que permitir\u00e1 brindar mejores condiciones para las actividades que se desarrollan en este espacio.<\/p>\n<p data-start=\"751\" data-end=\"963\">Asimismo, inici\u00f3 la construcci\u00f3n del <strong data-start=\"788\" data-end=\"868\">camino de terracer\u00eda que comunica a El Jazm\u00edn con la comunidad de El Tepoz\u00e1n<\/strong>, fortaleciendo la conectividad y facilitando los traslados entre las localidades de la regi\u00f3n.<\/p>\n<p data-start=\"965\" data-end=\"1313\">En materia de servicios b\u00e1sicos, tambi\u00e9n se puso en funcionamiento el <strong data-start=\"1035\" data-end=\"1086\">variador de frecuencia del pozo de agua potable<\/strong>, una obra realizada mediante una aportaci\u00f3n conjunta del 50 por ciento por parte del Ayuntamiento y 50 por ciento por parte del Ejido, con el prop\u00f3sito de fortalecer el abastecimiento de agua para las familias de la comunidad.<\/p>\n<p data-start=\"1315\" data-end=\"1614\">Durante la jornada, el alcalde tambi\u00e9n dio el banderazo de arranque a la <strong data-start=\"1388\" data-end=\"1485\">reconstrucci\u00f3n del puente vehicular ubicado en el trayecto rural entre El Jazm\u00edn y San Rafael<\/strong>, luego de que una bajada de agua da\u00f1ara la estructura anterior e interrumpiera la comunicaci\u00f3n entre las comunidades de la zona.<\/p>\n<p data-start=\"1616\" data-end=\"1847\">Se inform\u00f3 que, con excepci\u00f3n de la instalaci\u00f3n realizada en el pozo de agua potable, <strong data-start=\"1702\" data-end=\"1760\">las dem\u00e1s obras son ejecutadas con inversi\u00f3n municipal<\/strong>, como parte del compromiso de atender las necesidades prioritarias de las comunidades.<\/p>\n<p data-start=\"1849\" data-end=\"2150\" data-is-last-node=\"\" data-is-only-node=\"\">Con estas acciones, el Gobierno Municipal de Mazapil, encabezado por <strong data-start=\"1918\" data-end=\"1941\">Mario Mac\u00edas Z\u00fa\u00f1iga<\/strong>, contin\u00faa destinando recursos para fortalecer la infraestructura, mejorar los servicios y generar mejores condiciones de bienestar y conectividad para las familias de El Jazm\u00edn y las comunidades de la regi\u00f3n.<\/p>\n<\/div>\n<\/div>\n<\/div>\n<\/div>\n<div class=\"z-0 flex min-h-[46px] justify-start\"><\/div>\n<div class=\"pointer-events-none -mb-px h-px w-full opacity-0\" aria-hidden=\"true\"><\/div>\n","protected":false},"excerpt":{"rendered":"<p>Mazapil, Zacatecas.\u2013 El presidente municipal de Mazapil, Mario Mac\u00edas Z\u00fa\u00f1iga, acompa\u00f1ado por integrantes del Ayuntamiento, encabez\u00f3 una jornada de trabajo en la comunidad de El Jazm\u00edn,<span class=\"excerpt-hellip\"> [\u2026]<\/span><\/p>\n","protected":false},"author":2,"featured_media":34882,"comment_status":"open","ping_status":"open","sticky":false,"template":"","format":"standard","meta":{"footnotes":""},"categories":[26],"tags":[],"class_list":["post-34881","post","type-post","status-publish","format-standard","has-post-thumbnail","hentry","category-mazapil"],"_links":{"self":[{"href":"https:\/\/sientetupasion.com\/index.php\/wp-json\/wp\/v2\/posts\/34881","targetHints":{"allow":["GET"]}}],"collection":[{"href":"https:\/\/sientetupasion.com\/index.php\/wp-json\/wp\/v2\/posts"}],"about":[{"href":"https:\/\/sientetupasion.com\/index.php\/wp-json\/wp\/v2\/types\/post"}],"author":[{"embeddable":true,"href":"https:\/\/sientetupasion.com\/index.php\/wp-json\/wp\/v2\/users\/2"}],"replies":[{"embeddable":true,"href":"https:\/\/sientetupasion.com\/index.php\/wp-json\/wp\/v2\/comments?post=34881"}],"version-history":[{"count":1,"href":"https:\/\/sientetupasion.com\/index.php\/wp-json\/wp\/v2\/posts\/34881\/revisions"}],"predecessor-version":[{"id":34883,"href":"https:\/\/sientetupasion.com\/index.php\/wp-json\/wp\/v2\/posts\/34881\/revisions\/34883"}],"wp:featuredmedia":[{"embeddable":true,"href":"https:\/\/sientetupasion.com\/index.php\/wp-json\/wp\/v2\/media\/34882"}],"wp:attachment":[{"href":"https:\/\/sientetupasion.com\/index.php\/wp-json\/wp\/v2\/media?parent=34881"}],"wp:term":[{"taxonomy":"category","embeddable":true,"href":"https:\/\/sientetupasion.com\/index.php\/wp-json\/wp\/v2\/categories?post=34881"},{"taxonomy":"post_tag","embeddable":true,"href":"https:\/\/sientetupasion.com\/index.php\/wp-json\/wp\/v2\/tags?post=34881"}],"curies":[{"name":"wp","href":"https:\/\/api.w.org\/{rel}","templated":true}]}}