{"id":34815,"date":"2026-08-29T12:31:19","date_gmt":"2026-08-29T18:31:19","guid":{"rendered":"https:\/\/sientetupasion.com\/?p=34815"},"modified":"2026-08-29T12:31:19","modified_gmt":"2026-08-29T18:31:19","slug":"todo-listo-para-la-feria-de-la-uva-2026-vinos-premiados-grandes-conciertos-y-tradicion-en-aguascalientes-2","status":"publish","type":"post","link":"https:\/\/sientetupasion.com\/index.php\/2026\/08\/29\/todo-listo-para-la-feria-de-la-uva-2026-vinos-premiados-grandes-conciertos-y-tradicion-en-aguascalientes-2\/","title":{"rendered":"TODO LISTO PARA LA FERIA DE LA UVA 2026: VINOS PREMIADOS, GRANDES CONCIERTOS Y TRADICI\u00d3N EN AGUASCALIENTES"},"content":{"rendered":"<p>&nbsp;<\/p>\n<p>* Se llevar\u00e1 a cabo del 11 al 13 de septiembre a un costado del Pabell\u00f3n del Vino en Expoplaza<br \/>\n* Contempla un nutrido programa de actividades art\u00edsticas, culturales, gastron\u00f3micas y enotur\u00edsticas para toda la familia<br \/>\n* Incluye dos conciertos de R\u00edo Roma y Benny Ibarra, los d\u00edas 11 y 12 de septiembre, respectivamente<br \/>\nLa gobernadora de Aguascalientes, Tere Jim\u00e9nez, present\u00f3 la Feria de la Uva 2026, que se realizar\u00e1 del 11 al 13 de septiembre a un costado del Pabell\u00f3n del Vino en Expoplaza, donde las familias y visitantes podr\u00e1n disfrutar de vinos hechos en Aguascalientes y reconocidos nacional e internacionalmente, conciertos de primer nivel, gastronom\u00eda y actividades que mantienen viva la tradici\u00f3n vitivin\u00edcola del estado.<br \/>\nDurante tres d\u00edas, 50 casas vin\u00edcolas participar\u00e1n en esta celebraci\u00f3n, que reunir\u00e1 m\u00fasica, cultura, sabores y experiencias en torno a la uva y el vino, con actividades para todas las edades.<br \/>\nTere Jim\u00e9nez destac\u00f3 que la Feria de la Uva representa el rescate de una tradici\u00f3n que forma parte de la identidad y de la historia productiva de Aguascalientes, adem\u00e1s de ser una oportunidad para fortalecer al sector vitivin\u00edcola, promover los productos del campo y atraer m\u00e1s visitantes al estado.<br \/>\n\u201cBuscamos acercar nuestros vi\u00f1edos a m\u00e1s personas, abrir nuevos horizontes para nuestros productores, atraer visitantes y mostrar la calidad de las uvas y los vinos del Gigante de M\u00e9xico. Hagamos de la Feria de la Uva un motivo m\u00e1s para querer y cuidar a este Aguascalientes que nos llena de vida a trav\u00e9s de su generosa tierra\u201d, se\u00f1al\u00f3 Tere Jim\u00e9nez.<br \/>\nLa gobernadora inform\u00f3 que se espera la asistencia de alrededor de 30 mil personas y una derrama econ\u00f3mica superior a los 24 millones de pesos.<br \/>\nActualmente, Aguascalientes se encuentra entre los cinco principales productores de vid del pa\u00eds, con m\u00e1s de 14 mil 300 toneladas anuales; cuenta con m\u00e1s de mil 200 hect\u00e1reas dedicadas a este cultivo y alrededor de 300 productores. Adem\u00e1s, tiene 25 vin\u00edcolas y m\u00e1s de 200 etiquetas que han obtenido reconocimientos nacionales e internacionales, con una producci\u00f3n anual de 15 millones de litros de vino.<br \/>\nPor su parte, Mauricio Gonz\u00e1lez L\u00f3pez, secretario de Turismo del Estado, detall\u00f3 que la Feria de la Uva ofrecer\u00e1 una programaci\u00f3n para todas las edades y anunci\u00f3 que entre los espect\u00e1culos principales destacan R\u00edo Roma, el viernes 11 de septiembre, y Benny Ibarra, el s\u00e1bado 12 de septiembre.<br \/>\nComo una de las novedades de esta edici\u00f3n, se realizar\u00e1 el Primer Concurso de Vinos del Altiplano, que reunir\u00e1 a 45 vin\u00edcolas de nueve estados del pa\u00eds: Quer\u00e9taro, Jalisco, Guanajuato, Hidalgo, Chihuahua, Sonora, Nuevo Le\u00f3n, Zacatecas y Aguascalientes.<br \/>\nEl programa tambi\u00e9n contempla activaciones art\u00edsticas a cargo del Instituto Cultural de Aguascalientes, muestra gastron\u00f3mica, exhibici\u00f3n de productos y subproductos de la uva, catas guiadas y masivas, degustaciones, \u00e1rea comercial, zona enotur\u00edstica, museo de la vid y un espacio dedicado a productores de vino.<br \/>\nAdem\u00e1s, las y los asistentes podr\u00e1n participar en una macroclase de asados, concurso de glotones, la tradicional pisa de uva, pasarela de vestidos tradicionales y un taller para elaborar vino, entre otras experiencias.<br \/>\nGonz\u00e1lez L\u00f3pez destac\u00f3 que durante esta edici\u00f3n tambi\u00e9n se rendir\u00e1 un homenaje especial a don Nazario Ortiz Garza, quien organiz\u00f3 la primera Feria de la Uva en 1954 con el prop\u00f3sito de impulsar la industria vitivin\u00edcola del estado.<br \/>\nEn la rueda de prensa que se realiz\u00f3 en la Isla San Marcos, tambi\u00e9n estuvieron Isidoro Armend\u00e1riz Garc\u00eda, secretario de Desarrollo Rural y Agroempresarial del Estado; Ver\u00f3nica Gonz\u00e1lez L\u00f3pez, directora del Bur\u00f3 de Congresos y Visitantes del Estado; Alejandro V\u00e1zquez Z\u00fa\u00f1iga, director general del Instituto Cultural de Aguascalientes; Ricardo \u00c1lvarez Jim\u00e9nez, presidente del Consejo de Viticultores de Aguascalientes, y Alejandrina Gonz\u00e1lez C\u00f3rdova, secretaria del Consejo Vitivin\u00edcola de Aguascalientes.<\/p>\n","protected":false},"excerpt":{"rendered":"<p>&nbsp; * Se llevar\u00e1 a cabo del 11 al 13 de septiembre a un costado del Pabell\u00f3n del Vino en Expoplaza * Contempla un nutrido programa<span class=\"excerpt-hellip\"> [\u2026]<\/span><\/p>\n","protected":false},"author":2,"featured_media":34816,"comment_status":"open","ping_status":"open","sticky":false,"template":"","format":"standard","meta":{"footnotes":""},"categories":[21],"tags":[],"class_list":["post-34815","post","type-post","status-publish","format-standard","has-post-thumbnail","hentry","category-aguascalientes"],"_links":{"self":[{"href":"https:\/\/sientetupasion.com\/index.php\/wp-json\/wp\/v2\/posts\/34815","targetHints":{"allow":["GET"]}}],"collection":[{"href":"https:\/\/sientetupasion.com\/index.php\/wp-json\/wp\/v2\/posts"}],"about":[{"href":"https:\/\/sientetupasion.com\/index.php\/wp-json\/wp\/v2\/types\/post"}],"author":[{"embeddable":true,"href":"https:\/\/sientetupasion.com\/index.php\/wp-json\/wp\/v2\/users\/2"}],"replies":[{"embeddable":true,"href":"https:\/\/sientetupasion.com\/index.php\/wp-json\/wp\/v2\/comments?post=34815"}],"version-history":[{"count":2,"href":"https:\/\/sientetupasion.com\/index.php\/wp-json\/wp\/v2\/posts\/34815\/revisions"}],"predecessor-version":[{"id":34818,"href":"https:\/\/sientetupasion.com\/index.php\/wp-json\/wp\/v2\/posts\/34815\/revisions\/34818"}],"wp:featuredmedia":[{"embeddable":true,"href":"https:\/\/sientetupasion.com\/index.php\/wp-json\/wp\/v2\/media\/34816"}],"wp:attachment":[{"href":"https:\/\/sientetupasion.com\/index.php\/wp-json\/wp\/v2\/media?parent=34815"}],"wp:term":[{"taxonomy":"category","embeddable":true,"href":"https:\/\/sientetupasion.com\/index.php\/wp-json\/wp\/v2\/categories?post=34815"},{"taxonomy":"post_tag","embeddable":true,"href":"https:\/\/sientetupasion.com\/index.php\/wp-json\/wp\/v2\/tags?post=34815"}],"curies":[{"name":"wp","href":"https:\/\/api.w.org\/{rel}","templated":true}]}}