{"id":34773,"date":"2026-08-29T10:20:21","date_gmt":"2026-08-29T16:20:21","guid":{"rendered":"https:\/\/sientetupasion.com\/?p=34773"},"modified":"2026-08-29T10:20:21","modified_gmt":"2026-08-29T16:20:21","slug":"jerez-fortalece-coordinacion-con-productores-para-impulsar-la-sanidad-vegetal","status":"publish","type":"post","link":"https:\/\/sientetupasion.com\/index.php\/2026\/08\/29\/jerez-fortalece-coordinacion-con-productores-para-impulsar-la-sanidad-vegetal\/","title":{"rendered":"Jerez fortalece coordinaci\u00f3n con productores para impulsar la sanidad vegetal"},"content":{"rendered":"<div class=\"flex max-w-full flex-col gap-4 grow\">\n<div class=\"min-h-8 text-message relative flex w-full flex-col items-end gap-2 text-start break-words whitespace-normal outline-none keyboard-focused:focus-ring [.text-message+&amp;]:mt-1\" dir=\"auto\" tabindex=\"0\" data-message-author-role=\"assistant\" data-message-id=\"444b5f3b-e3e7-49f1-9431-e8ba7a839784\" data-message-model-slug=\"gpt-5-6\" data-turn-start-message=\"true\">\n<div class=\"flex w-full flex-col gap-1 empty:hidden\">\n<div class=\"markdown prose dark:prose-invert wrap-break-word w-full dark markdown-new-styling\">\n<h3 class=\"PDq2pG_selectionAnchorContainer\" data-section-id=\"12eadod\" data-start=\"0\" data-end=\"81\"><\/h3>\n<p data-start=\"83\" data-end=\"402\"><strong data-start=\"83\" data-end=\"99\">Jerez, Zac.\u2014<\/strong> En representaci\u00f3n del presidente municipal <strong data-start=\"143\" data-end=\"169\">Rodrigo Ure\u00f1o Ba\u00f1uelos<\/strong>, el jefe del Departamento Agropecuario y Forestal, <strong data-start=\"221\" data-end=\"245\">Rolando Ruiz V\u00e1zquez<\/strong>, particip\u00f3 en la Asamblea General Extraordinaria de la <strong data-start=\"301\" data-end=\"335\">Junta Local de Sanidad Vegetal<\/strong>, realizada con motivo de la reestructuraci\u00f3n de su Mesa Directiva.<\/p>\n<p data-start=\"404\" data-end=\"626\">El encuentro tuvo como sede la <strong data-start=\"435\" data-end=\"466\">Casa del Campesino de Jerez<\/strong> y reuni\u00f3 a productores y representantes del sector agropecuario de <strong data-start=\"534\" data-end=\"625\">Jerez, Monte Escobedo, El Plateado de Joaqu\u00edn Amaro, Susticac\u00e1n, Tepetongo y Villanueva<\/strong>.<\/p>\n<p data-start=\"628\" data-end=\"938\">Durante la asamblea se llev\u00f3 a cabo el proceso de renovaci\u00f3n de la Mesa Directiva, con el prop\u00f3sito de fortalecer la organizaci\u00f3n y coordinaci\u00f3n de acciones encaminadas a la <strong data-start=\"802\" data-end=\"867\">prevenci\u00f3n, vigilancia y atenci\u00f3n de problemas fitosanitarios<\/strong> que puedan afectar los cultivos y la producci\u00f3n agr\u00edcola de la regi\u00f3n.<\/p>\n<p data-start=\"940\" data-end=\"1142\">Ruiz V\u00e1zquez destac\u00f3 que, por instrucciones del alcalde Rodrigo Ure\u00f1o, el Gobierno de Jerez mantiene una pol\u00edtica de cercan\u00eda y colaboraci\u00f3n con los productores y organizaciones del sector agropecuario.<\/p>\n<p data-start=\"1144\" data-end=\"1325\" data-is-last-node=\"\" data-is-only-node=\"\">Asimismo, refrend\u00f3 el compromiso de respaldar las acciones que contribuyan a fortalecer la <strong data-start=\"1235\" data-end=\"1324\">sanidad vegetal, la producci\u00f3n agr\u00edcola y el desarrollo del campo jerezano y regional<\/strong>.<\/p>\n<\/div>\n<\/div>\n<\/div>\n<\/div>\n<div class=\"z-0 flex min-h-[46px] justify-start\"><\/div>\n<div class=\"pointer-events-none -mb-px h-px w-full opacity-0\" aria-hidden=\"true\"><\/div>\n","protected":false},"excerpt":{"rendered":"<p>Jerez, Zac.\u2014 En representaci\u00f3n del presidente municipal Rodrigo Ure\u00f1o Ba\u00f1uelos, el jefe del Departamento Agropecuario y Forestal, Rolando Ruiz V\u00e1zquez, particip\u00f3 en la Asamblea General Extraordinaria<span class=\"excerpt-hellip\"> [\u2026]<\/span><\/p>\n","protected":false},"author":2,"featured_media":34774,"comment_status":"open","ping_status":"open","sticky":false,"template":"","format":"standard","meta":{"footnotes":""},"categories":[28],"tags":[],"class_list":["post-34773","post","type-post","status-publish","format-standard","has-post-thumbnail","hentry","category-jerez"],"_links":{"self":[{"href":"https:\/\/sientetupasion.com\/index.php\/wp-json\/wp\/v2\/posts\/34773","targetHints":{"allow":["GET"]}}],"collection":[{"href":"https:\/\/sientetupasion.com\/index.php\/wp-json\/wp\/v2\/posts"}],"about":[{"href":"https:\/\/sientetupasion.com\/index.php\/wp-json\/wp\/v2\/types\/post"}],"author":[{"embeddable":true,"href":"https:\/\/sientetupasion.com\/index.php\/wp-json\/wp\/v2\/users\/2"}],"replies":[{"embeddable":true,"href":"https:\/\/sientetupasion.com\/index.php\/wp-json\/wp\/v2\/comments?post=34773"}],"version-history":[{"count":1,"href":"https:\/\/sientetupasion.com\/index.php\/wp-json\/wp\/v2\/posts\/34773\/revisions"}],"predecessor-version":[{"id":34775,"href":"https:\/\/sientetupasion.com\/index.php\/wp-json\/wp\/v2\/posts\/34773\/revisions\/34775"}],"wp:featuredmedia":[{"embeddable":true,"href":"https:\/\/sientetupasion.com\/index.php\/wp-json\/wp\/v2\/media\/34774"}],"wp:attachment":[{"href":"https:\/\/sientetupasion.com\/index.php\/wp-json\/wp\/v2\/media?parent=34773"}],"wp:term":[{"taxonomy":"category","embeddable":true,"href":"https:\/\/sientetupasion.com\/index.php\/wp-json\/wp\/v2\/categories?post=34773"},{"taxonomy":"post_tag","embeddable":true,"href":"https:\/\/sientetupasion.com\/index.php\/wp-json\/wp\/v2\/tags?post=34773"}],"curies":[{"name":"wp","href":"https:\/\/api.w.org\/{rel}","templated":true}]}}