{"id":34767,"date":"2026-08-29T10:16:37","date_gmt":"2026-08-29T16:16:37","guid":{"rendered":"https:\/\/sientetupasion.com\/?p=34767"},"modified":"2026-08-29T10:16:37","modified_gmt":"2026-08-29T16:16:37","slug":"calera-impulsa-el-deporte-con-la-primera-rodada-joven-pedaleando-el-futuro","status":"publish","type":"post","link":"https:\/\/sientetupasion.com\/index.php\/2026\/08\/29\/calera-impulsa-el-deporte-con-la-primera-rodada-joven-pedaleando-el-futuro\/","title":{"rendered":"Calera impulsa el deporte con la Primera Rodada Joven \u201cPedaleando el Futuro\u201d"},"content":{"rendered":"<h3 class=\"PDq2pG_selectionAnchorContainer\" data-section-id=\"1eea2ol\" data-start=\"0\" data-end=\"80\"><\/h3>\n<p data-start=\"82\" data-end=\"343\"><strong data-start=\"82\" data-end=\"99\">Calera, Zac.\u2014<\/strong> Con la participaci\u00f3n de ni\u00f1as, ni\u00f1os, j\u00f3venes y familias, el Ayuntamiento de Calera llev\u00f3 a cabo la <strong data-start=\"200\" data-end=\"247\">Primera Rodada Joven \u201cPedaleando el Futuro\u201d<\/strong>, una actividad que promovi\u00f3 la activaci\u00f3n f\u00edsica, la convivencia familiar y la sana recreaci\u00f3n.<\/p>\n<p data-start=\"345\" data-end=\"586\">La jornada reuni\u00f3 a la comunidad en una tarde dedicada al deporte y a la vida saludable, fortaleciendo la convivencia entre las familias calerenses y generando espacios para que las nuevas generaciones disfruten de actividades al aire libre.<\/p>\n<p data-start=\"588\" data-end=\"766\">El presidente municipal, <strong data-start=\"613\" data-end=\"631\">Miguel Murillo<\/strong>, destac\u00f3 la importancia de impulsar acciones que motiven a la ciudadan\u00eda a practicar deporte y adoptar estilos de vida m\u00e1s saludables.<\/p>\n<p data-start=\"768\" data-end=\"941\">Como parte de esta iniciativa, se anunci\u00f3 que la rodada se realizar\u00e1 <strong data-start=\"837\" data-end=\"870\">el \u00faltimo viernes de cada mes<\/strong>, teniendo como punto de reuni\u00f3n el frente de la Presidencia Municipal.<\/p>\n<p data-start=\"943\" data-end=\"1106\">El Gobierno Municipal invit\u00f3 a las familias calerenses a sumarse a las pr\u00f3ximas ediciones y continuar haciendo del deporte un punto de encuentro para la comunidad.<\/p>\n<p data-start=\"1108\" data-end=\"1244\" data-is-last-node=\"\" data-is-only-node=\"\"><strong data-start=\"1108\" data-end=\"1244\" data-is-last-node=\"\">\u201cPedaleando el Futuro\u201d busca convertir las calles de Calera en un espacio de convivencia, activaci\u00f3n y bienestar para todas y todos.<\/strong><\/p>\n","protected":false},"excerpt":{"rendered":"<p>Calera, Zac.\u2014 Con la participaci\u00f3n de ni\u00f1as, ni\u00f1os, j\u00f3venes y familias, el Ayuntamiento de Calera llev\u00f3 a cabo la Primera Rodada Joven \u201cPedaleando el Futuro\u201d, una<span class=\"excerpt-hellip\"> [\u2026]<\/span><\/p>\n","protected":false},"author":2,"featured_media":34768,"comment_status":"open","ping_status":"open","sticky":false,"template":"","format":"standard","meta":{"footnotes":""},"categories":[24],"tags":[],"class_list":["post-34767","post","type-post","status-publish","format-standard","has-post-thumbnail","hentry","category-calera"],"_links":{"self":[{"href":"https:\/\/sientetupasion.com\/index.php\/wp-json\/wp\/v2\/posts\/34767","targetHints":{"allow":["GET"]}}],"collection":[{"href":"https:\/\/sientetupasion.com\/index.php\/wp-json\/wp\/v2\/posts"}],"about":[{"href":"https:\/\/sientetupasion.com\/index.php\/wp-json\/wp\/v2\/types\/post"}],"author":[{"embeddable":true,"href":"https:\/\/sientetupasion.com\/index.php\/wp-json\/wp\/v2\/users\/2"}],"replies":[{"embeddable":true,"href":"https:\/\/sientetupasion.com\/index.php\/wp-json\/wp\/v2\/comments?post=34767"}],"version-history":[{"count":1,"href":"https:\/\/sientetupasion.com\/index.php\/wp-json\/wp\/v2\/posts\/34767\/revisions"}],"predecessor-version":[{"id":34769,"href":"https:\/\/sientetupasion.com\/index.php\/wp-json\/wp\/v2\/posts\/34767\/revisions\/34769"}],"wp:featuredmedia":[{"embeddable":true,"href":"https:\/\/sientetupasion.com\/index.php\/wp-json\/wp\/v2\/media\/34768"}],"wp:attachment":[{"href":"https:\/\/sientetupasion.com\/index.php\/wp-json\/wp\/v2\/media?parent=34767"}],"wp:term":[{"taxonomy":"category","embeddable":true,"href":"https:\/\/sientetupasion.com\/index.php\/wp-json\/wp\/v2\/categories?post=34767"},{"taxonomy":"post_tag","embeddable":true,"href":"https:\/\/sientetupasion.com\/index.php\/wp-json\/wp\/v2\/tags?post=34767"}],"curies":[{"name":"wp","href":"https:\/\/api.w.org\/{rel}","templated":true}]}}