{"id":34764,"date":"2026-08-29T10:15:07","date_gmt":"2026-08-29T16:15:07","guid":{"rendered":"https:\/\/sientetupasion.com\/?p=34764"},"modified":"2026-08-29T10:15:07","modified_gmt":"2026-08-29T16:15:07","slug":"calera-mejora-sus-espacios-publicos-con-rehabilitacion-de-parques","status":"publish","type":"post","link":"https:\/\/sientetupasion.com\/index.php\/2026\/08\/29\/calera-mejora-sus-espacios-publicos-con-rehabilitacion-de-parques\/","title":{"rendered":"Calera mejora sus espacios p\u00fablicos con rehabilitaci\u00f3n de parques"},"content":{"rendered":"<div class=\"flex max-w-full flex-col gap-4 grow\">\n<div class=\"min-h-8 text-message relative flex w-full flex-col items-end gap-2 text-start break-words whitespace-normal outline-none keyboard-focused:focus-ring [.text-message+&amp;]:mt-1\" dir=\"auto\" tabindex=\"0\" data-message-author-role=\"assistant\" data-message-id=\"a5d560c5-b673-4f55-8309-9bed44af0db5\" data-message-model-slug=\"gpt-5-6\" data-turn-start-message=\"true\">\n<div class=\"flex w-full flex-col gap-1 empty:hidden\">\n<div class=\"markdown prose dark:prose-invert wrap-break-word w-full dark markdown-new-styling\">\n<h3 class=\"PDq2pG_selectionAnchorContainer\" data-section-id=\"o96shi\" data-start=\"0\" data-end=\"69\"><\/h3>\n<p data-start=\"71\" data-end=\"294\"><strong data-start=\"71\" data-end=\"88\">Calera, Zac.\u2014<\/strong> El Ayuntamiento de Calera contin\u00faa con los trabajos de rehabilitaci\u00f3n de espacios p\u00fablicos, con el prop\u00f3sito de ofrecer a las familias lugares m\u00e1s dignos y adecuados para la convivencia y el esparcimiento.<\/p>\n<p data-start=\"296\" data-end=\"493\">En esta ocasi\u00f3n, los <strong data-start=\"317\" data-end=\"351\">parques Duraznera y Magisterio<\/strong> reciben diversas mejoras como parte de las acciones impulsadas por la administraci\u00f3n municipal que encabeza el presidente <strong data-start=\"474\" data-end=\"492\">Miguel Murillo<\/strong>.<\/p>\n<p data-start=\"495\" data-end=\"710\">Los trabajos buscan recuperar y fortalecer estos espacios para que ni\u00f1as, ni\u00f1os, j\u00f3venes y familias calerenses puedan disfrutarlos en mejores condiciones y contar con \u00e1reas que favorezcan la convivencia comunitaria.<\/p>\n<p data-start=\"712\" data-end=\"931\">El Gobierno Municipal destac\u00f3 que la recuperaci\u00f3n de parques y espacios p\u00fablicos forma parte del compromiso de continuar mejorando la infraestructura urbana y generar lugares que contribuyan a una mejor calidad de vida.<\/p>\n<p data-start=\"933\" data-end=\"1120\" data-is-last-node=\"\" data-is-only-node=\"\">Con estas acciones, la administraci\u00f3n de <strong data-start=\"974\" data-end=\"992\">Miguel Murillo<\/strong> refrenda su compromiso de seguir trabajando por una <strong data-start=\"1045\" data-end=\"1119\">Calera con mejores espacios para convivir, recrearse y hacer comunidad<\/strong>.<\/p>\n<\/div>\n<\/div>\n<\/div>\n<\/div>\n<div class=\"z-0 flex min-h-[46px] justify-start\"><\/div>\n<div class=\"pointer-events-none -mb-px h-px w-full opacity-0\" aria-hidden=\"true\"><\/div>\n","protected":false},"excerpt":{"rendered":"<p>Calera, Zac.\u2014 El Ayuntamiento de Calera contin\u00faa con los trabajos de rehabilitaci\u00f3n de espacios p\u00fablicos, con el prop\u00f3sito de ofrecer a las familias lugares m\u00e1s dignos<span class=\"excerpt-hellip\"> [\u2026]<\/span><\/p>\n","protected":false},"author":2,"featured_media":34765,"comment_status":"open","ping_status":"open","sticky":false,"template":"","format":"standard","meta":{"footnotes":""},"categories":[24],"tags":[],"class_list":["post-34764","post","type-post","status-publish","format-standard","has-post-thumbnail","hentry","category-calera"],"_links":{"self":[{"href":"https:\/\/sientetupasion.com\/index.php\/wp-json\/wp\/v2\/posts\/34764","targetHints":{"allow":["GET"]}}],"collection":[{"href":"https:\/\/sientetupasion.com\/index.php\/wp-json\/wp\/v2\/posts"}],"about":[{"href":"https:\/\/sientetupasion.com\/index.php\/wp-json\/wp\/v2\/types\/post"}],"author":[{"embeddable":true,"href":"https:\/\/sientetupasion.com\/index.php\/wp-json\/wp\/v2\/users\/2"}],"replies":[{"embeddable":true,"href":"https:\/\/sientetupasion.com\/index.php\/wp-json\/wp\/v2\/comments?post=34764"}],"version-history":[{"count":1,"href":"https:\/\/sientetupasion.com\/index.php\/wp-json\/wp\/v2\/posts\/34764\/revisions"}],"predecessor-version":[{"id":34766,"href":"https:\/\/sientetupasion.com\/index.php\/wp-json\/wp\/v2\/posts\/34764\/revisions\/34766"}],"wp:featuredmedia":[{"embeddable":true,"href":"https:\/\/sientetupasion.com\/index.php\/wp-json\/wp\/v2\/media\/34765"}],"wp:attachment":[{"href":"https:\/\/sientetupasion.com\/index.php\/wp-json\/wp\/v2\/media?parent=34764"}],"wp:term":[{"taxonomy":"category","embeddable":true,"href":"https:\/\/sientetupasion.com\/index.php\/wp-json\/wp\/v2\/categories?post=34764"},{"taxonomy":"post_tag","embeddable":true,"href":"https:\/\/sientetupasion.com\/index.php\/wp-json\/wp\/v2\/tags?post=34764"}],"curies":[{"name":"wp","href":"https:\/\/api.w.org\/{rel}","templated":true}]}}