{"id":34731,"date":"2026-08-27T21:33:54","date_gmt":"2026-08-28T03:33:54","guid":{"rendered":"https:\/\/sientetupasion.com\/?p=34731"},"modified":"2026-08-27T21:33:54","modified_gmt":"2026-08-28T03:33:54","slug":"el-naranjo-ya-cuenta-con-unidad-de-rehabilitacion-para-personas-con-discapacidad","status":"publish","type":"post","link":"https:\/\/sientetupasion.com\/index.php\/2026\/08\/27\/el-naranjo-ya-cuenta-con-unidad-de-rehabilitacion-para-personas-con-discapacidad\/","title":{"rendered":"EL NARANJO YA CUENTA CON UNIDAD DE REHABILITACI\u00d3N PARA PERSONAS CON DISCAPACIDAD"},"content":{"rendered":"<p>&nbsp;<\/p>\n<p>* La nueva Unidad B\u00e1sica de Rehabilitaci\u00f3n acerca atenci\u00f3n especializada a las familias y evita traslados a otros municipios para recibir terapias.<\/p>\n<p>Las personas con discapacidad y sus familias en El Naranjo ya cuentan con una Unidad B\u00e1sica de Rehabilitaci\u00f3n (UBR), que permitir\u00e1 recibir atenci\u00f3n especializada de manera m\u00e1s cercana y contar con mejores condiciones para sus procesos de rehabilitaci\u00f3n e inclusi\u00f3n.<\/p>\n<p>Durante la inauguraci\u00f3n estuvieron presentes la Senadora de la Rep\u00fablica, Ruth Gonz\u00e1lez Silva, as\u00ed como autoridades estatales y municipales, quienes destacaron que este nuevo espacio responde a una necesidad directa de las familias de la regi\u00f3n.<\/p>\n<p>La directora general del Sistema Estatal para el Desarrollo Integral de la Familia (DIF), Virginia Z\u00fa\u00f1iga Maldonado, se\u00f1al\u00f3 que la unidad permitir\u00e1 reducir traslados y facilitar el acceso a servicios para personas que anteriormente ten\u00edan que desplazarse a otros municipios.<\/p>\n<p>Esta nueva infraestructura se suma a las acciones del Gobierno que encabeza Ricardo Gallardo Cardona para acercar atenci\u00f3n especializada a las cuatro regiones del Estado y generar mayores oportunidades para las personas con discapacidad.<\/p>\n","protected":false},"excerpt":{"rendered":"<p>&nbsp; * La nueva Unidad B\u00e1sica de Rehabilitaci\u00f3n acerca atenci\u00f3n especializada a las familias y evita traslados a otros municipios para recibir terapias. Las personas con<span class=\"excerpt-hellip\"> [\u2026]<\/span><\/p>\n","protected":false},"author":2,"featured_media":34732,"comment_status":"open","ping_status":"open","sticky":false,"template":"","format":"standard","meta":{"footnotes":""},"categories":[17],"tags":[],"class_list":["post-34731","post","type-post","status-publish","format-standard","has-post-thumbnail","hentry","category-san-luis"],"_links":{"self":[{"href":"https:\/\/sientetupasion.com\/index.php\/wp-json\/wp\/v2\/posts\/34731","targetHints":{"allow":["GET"]}}],"collection":[{"href":"https:\/\/sientetupasion.com\/index.php\/wp-json\/wp\/v2\/posts"}],"about":[{"href":"https:\/\/sientetupasion.com\/index.php\/wp-json\/wp\/v2\/types\/post"}],"author":[{"embeddable":true,"href":"https:\/\/sientetupasion.com\/index.php\/wp-json\/wp\/v2\/users\/2"}],"replies":[{"embeddable":true,"href":"https:\/\/sientetupasion.com\/index.php\/wp-json\/wp\/v2\/comments?post=34731"}],"version-history":[{"count":1,"href":"https:\/\/sientetupasion.com\/index.php\/wp-json\/wp\/v2\/posts\/34731\/revisions"}],"predecessor-version":[{"id":34733,"href":"https:\/\/sientetupasion.com\/index.php\/wp-json\/wp\/v2\/posts\/34731\/revisions\/34733"}],"wp:featuredmedia":[{"embeddable":true,"href":"https:\/\/sientetupasion.com\/index.php\/wp-json\/wp\/v2\/media\/34732"}],"wp:attachment":[{"href":"https:\/\/sientetupasion.com\/index.php\/wp-json\/wp\/v2\/media?parent=34731"}],"wp:term":[{"taxonomy":"category","embeddable":true,"href":"https:\/\/sientetupasion.com\/index.php\/wp-json\/wp\/v2\/categories?post=34731"},{"taxonomy":"post_tag","embeddable":true,"href":"https:\/\/sientetupasion.com\/index.php\/wp-json\/wp\/v2\/tags?post=34731"}],"curies":[{"name":"wp","href":"https:\/\/api.w.org\/{rel}","templated":true}]}}