{"id":34719,"date":"2026-08-27T21:30:03","date_gmt":"2026-08-28T03:30:03","guid":{"rendered":"https:\/\/sientetupasion.com\/?p=34719"},"modified":"2026-08-27T21:30:03","modified_gmt":"2026-08-28T03:30:03","slug":"semilleros-creativos-acercan-formacion-artistica-a-la-ninez-y-juventud-de-la-huasteca","status":"publish","type":"post","link":"https:\/\/sientetupasion.com\/index.php\/2026\/08\/27\/semilleros-creativos-acercan-formacion-artistica-a-la-ninez-y-juventud-de-la-huasteca\/","title":{"rendered":"SEMILLEROS CREATIVOS ACERCAN FORMACI\u00d3N ART\u00cdSTICA A LA NI\u00d1EZ Y JUVENTUD DE LA HUASTECA"},"content":{"rendered":"<p>&nbsp;<\/p>\n<p>* Ni\u00f1as, ni\u00f1os y j\u00f3venes de Coxcatl\u00e1n y Huehuetl\u00e1n participan gratuitamente en procesos de creaci\u00f3n art\u00edstica y trabajo comunitario.<\/p>\n<p>Ni\u00f1as, ni\u00f1os y j\u00f3venes de Coxcatl\u00e1n y la comunidad de La Pimienta, en Huehuetl\u00e1n, participan en los Semilleros Creativos, espacios gratuitos donde desarrollan habilidades art\u00edsticas, creatividad, identidad cultural y trabajo colectivo.<\/p>\n<p>El titular de la Secretar\u00eda de Cultura (Secult), Juan Carlos Torres Cedillo, recorri\u00f3 ambos espacios para conocer los proyectos, actividades y experiencias de participantes y facilitadores.<\/p>\n<p>Los Semilleros Creativos forman parte del programa federal Cultura Comunitaria y ofrecen diversas disciplinas art\u00edsticas que favorecen la expresi\u00f3n, la participaci\u00f3n comunitaria y la preservaci\u00f3n de las manifestaciones culturales locales.<\/p>\n<p>La colaboraci\u00f3n institucional permite acercar estas alternativas a ni\u00f1as, ni\u00f1os y j\u00f3venes de la Huasteca, en atenci\u00f3n a la visi\u00f3n del Gobierno de Ricardo Gallardo Cardona de ampliar el acceso a la cultura en todas las regiones del Estado.<\/p>\n","protected":false},"excerpt":{"rendered":"<p>&nbsp; * Ni\u00f1as, ni\u00f1os y j\u00f3venes de Coxcatl\u00e1n y Huehuetl\u00e1n participan gratuitamente en procesos de creaci\u00f3n art\u00edstica y trabajo comunitario. Ni\u00f1as, ni\u00f1os y j\u00f3venes de Coxcatl\u00e1n<span class=\"excerpt-hellip\"> [\u2026]<\/span><\/p>\n","protected":false},"author":2,"featured_media":34720,"comment_status":"open","ping_status":"open","sticky":false,"template":"","format":"standard","meta":{"footnotes":""},"categories":[17],"tags":[],"class_list":["post-34719","post","type-post","status-publish","format-standard","has-post-thumbnail","hentry","category-san-luis"],"_links":{"self":[{"href":"https:\/\/sientetupasion.com\/index.php\/wp-json\/wp\/v2\/posts\/34719","targetHints":{"allow":["GET"]}}],"collection":[{"href":"https:\/\/sientetupasion.com\/index.php\/wp-json\/wp\/v2\/posts"}],"about":[{"href":"https:\/\/sientetupasion.com\/index.php\/wp-json\/wp\/v2\/types\/post"}],"author":[{"embeddable":true,"href":"https:\/\/sientetupasion.com\/index.php\/wp-json\/wp\/v2\/users\/2"}],"replies":[{"embeddable":true,"href":"https:\/\/sientetupasion.com\/index.php\/wp-json\/wp\/v2\/comments?post=34719"}],"version-history":[{"count":1,"href":"https:\/\/sientetupasion.com\/index.php\/wp-json\/wp\/v2\/posts\/34719\/revisions"}],"predecessor-version":[{"id":34721,"href":"https:\/\/sientetupasion.com\/index.php\/wp-json\/wp\/v2\/posts\/34719\/revisions\/34721"}],"wp:featuredmedia":[{"embeddable":true,"href":"https:\/\/sientetupasion.com\/index.php\/wp-json\/wp\/v2\/media\/34720"}],"wp:attachment":[{"href":"https:\/\/sientetupasion.com\/index.php\/wp-json\/wp\/v2\/media?parent=34719"}],"wp:term":[{"taxonomy":"category","embeddable":true,"href":"https:\/\/sientetupasion.com\/index.php\/wp-json\/wp\/v2\/categories?post=34719"},{"taxonomy":"post_tag","embeddable":true,"href":"https:\/\/sientetupasion.com\/index.php\/wp-json\/wp\/v2\/tags?post=34719"}],"curies":[{"name":"wp","href":"https:\/\/api.w.org\/{rel}","templated":true}]}}