{"id":34710,"date":"2026-08-27T21:27:27","date_gmt":"2026-08-28T03:27:27","guid":{"rendered":"https:\/\/sientetupasion.com\/?p=34710"},"modified":"2026-08-27T21:27:27","modified_gmt":"2026-08-28T03:27:27","slug":"ninez-de-pueblos-originarios-disfruta-veranito-comunitario","status":"publish","type":"post","link":"https:\/\/sientetupasion.com\/index.php\/2026\/08\/27\/ninez-de-pueblos-originarios-disfruta-veranito-comunitario\/","title":{"rendered":"NI\u00d1EZ DE PUEBLOS ORIGINARIOS DISFRUTA VERANITO COMUNITARIO"},"content":{"rendered":"<p>&nbsp;<\/p>\n<p>* Ni\u00f1as y ni\u00f1os T\u00e9nek, N\u00e1huatl, Otom\u00ed y Huachichil participaron en actividades recreativas, art\u00edsticas y culturales en distintos espacios de la capital.<\/p>\n<p>Ni\u00f1as y ni\u00f1os T\u00e9nek, N\u00e1huatl, Otom\u00ed y Huachichil residentes en la capital participaron en el Veranito Comunitario organizado por el Instituto de Desarrollo Humano y Social de los Pueblos y Comunidades Ind\u00edgenas (Indepi), con actividades orientadas a la convivencia, recreaci\u00f3n y reconocimiento de su identidad cultural.<\/p>\n<p>La titular del Indepi, Bernarda Reyes Hern\u00e1ndez, explic\u00f3 que el programa combin\u00f3 aprendizaje y diversi\u00f3n mediante talleres l\u00fadicos y art\u00edsticos, adem\u00e1s de recorridos por el Museo Nacional de la M\u00e1scara y el Museo Regional Potosino.<\/p>\n<p>Las y los participantes tambi\u00e9n disfrutaron de un recorrido en tren por el Parque Tangamanga I y una visita a DinOasis, como parte de las actividades recreativas preparadas durante este periodo vacacional.<\/p>\n<p>Estas acciones forman parte de la pol\u00edtica del Gobernador Ricardo Gallardo Cardona para generar espacios de inclusi\u00f3n, respeto a la diversidad cultural y bienestar para ni\u00f1as y ni\u00f1os pertenecientes a los pueblos y comunidades originarias.<\/p>\n","protected":false},"excerpt":{"rendered":"<p>&nbsp; * Ni\u00f1as y ni\u00f1os T\u00e9nek, N\u00e1huatl, Otom\u00ed y Huachichil participaron en actividades recreativas, art\u00edsticas y culturales en distintos espacios de la capital. Ni\u00f1as y ni\u00f1os<span class=\"excerpt-hellip\"> [\u2026]<\/span><\/p>\n","protected":false},"author":2,"featured_media":34711,"comment_status":"open","ping_status":"open","sticky":false,"template":"","format":"standard","meta":{"footnotes":""},"categories":[17],"tags":[],"class_list":["post-34710","post","type-post","status-publish","format-standard","has-post-thumbnail","hentry","category-san-luis"],"_links":{"self":[{"href":"https:\/\/sientetupasion.com\/index.php\/wp-json\/wp\/v2\/posts\/34710","targetHints":{"allow":["GET"]}}],"collection":[{"href":"https:\/\/sientetupasion.com\/index.php\/wp-json\/wp\/v2\/posts"}],"about":[{"href":"https:\/\/sientetupasion.com\/index.php\/wp-json\/wp\/v2\/types\/post"}],"author":[{"embeddable":true,"href":"https:\/\/sientetupasion.com\/index.php\/wp-json\/wp\/v2\/users\/2"}],"replies":[{"embeddable":true,"href":"https:\/\/sientetupasion.com\/index.php\/wp-json\/wp\/v2\/comments?post=34710"}],"version-history":[{"count":1,"href":"https:\/\/sientetupasion.com\/index.php\/wp-json\/wp\/v2\/posts\/34710\/revisions"}],"predecessor-version":[{"id":34712,"href":"https:\/\/sientetupasion.com\/index.php\/wp-json\/wp\/v2\/posts\/34710\/revisions\/34712"}],"wp:featuredmedia":[{"embeddable":true,"href":"https:\/\/sientetupasion.com\/index.php\/wp-json\/wp\/v2\/media\/34711"}],"wp:attachment":[{"href":"https:\/\/sientetupasion.com\/index.php\/wp-json\/wp\/v2\/media?parent=34710"}],"wp:term":[{"taxonomy":"category","embeddable":true,"href":"https:\/\/sientetupasion.com\/index.php\/wp-json\/wp\/v2\/categories?post=34710"},{"taxonomy":"post_tag","embeddable":true,"href":"https:\/\/sientetupasion.com\/index.php\/wp-json\/wp\/v2\/tags?post=34710"}],"curies":[{"name":"wp","href":"https:\/\/api.w.org\/{rel}","templated":true}]}}