{"id":34657,"date":"2026-08-27T21:09:53","date_gmt":"2026-08-28T03:09:53","guid":{"rendered":"https:\/\/sientetupasion.com\/?p=34657"},"modified":"2026-08-27T21:09:53","modified_gmt":"2026-08-28T03:09:53","slug":"impulsa-feria-nacional-del-libro-zacatecas-2026-dialogo-academico-y-difusion-editorial","status":"publish","type":"post","link":"https:\/\/sientetupasion.com\/index.php\/2026\/08\/27\/impulsa-feria-nacional-del-libro-zacatecas-2026-dialogo-academico-y-difusion-editorial\/","title":{"rendered":"Impulsa Feria Nacional del Libro Zacatecas 2026 di\u00e1logo acad\u00e9mico y difusi\u00f3n editorial"},"content":{"rendered":"<p>&nbsp;<\/p>\n<p>\u25aa\ufe0fEn el s\u00e9ptimo d\u00eda de actividades art\u00edsticas y acad\u00e9micas en este encuentro, que re\u00fane voces y plumas de la historia, la literatura y difusi\u00f3n del patrimonio bibliogr\u00e1fico<\/p>\n<p>Zacatecas, Zac., 27 de agosto de 2026.- En el marco de la Feria Nacional del Libro Zacatecas (Fenaliz) 2026, este jueves se desarroll\u00f3 una jornada de actividades acad\u00e9micas y editoriales que reuni\u00f3 a escritores, investigadores, especialistas y lectores, con propuestas centradas en la historia, la literatura y la difusi\u00f3n del patrimonio bibliogr\u00e1fico.<\/p>\n<p>En el Foro de Plaza de Armas, la programaci\u00f3n inici\u00f3 con la presentaci\u00f3n de \u201cLas leyes de Reforma y su impacto en el estado de Zacatecas\u201d, obra coordinada por Fernando Villegas Mart\u00ednez y Eduardo Jacobo Bernal, bajo la moderaci\u00f3n de Sergio Daniel de Santiago Ortiz, editada por el Instituto Nacional de Estudios Hist\u00f3ricos de las Revoluciones de M\u00e9xico (INEHRM). La publicaci\u00f3n aborda, desde una perspectiva hist\u00f3rica, la repercusi\u00f3n de las Leyes de Reforma en el contexto zacatecano.<\/p>\n<p>Posteriormente, tuvo lugar la presentaci\u00f3n editorial \u201cPor el camino angosto\u201d, encuentro editorial dedicado a los libros de alumnos del escritor Alberto Huerta, actividad que da continuidad al reconocimiento de la trayectoria y legado de Huerta dentro de la literatura zacatecana.<\/p>\n<p>La jornada acad\u00e9mica continu\u00f3 con la presentaci\u00f3n de \u201cY estar siempre\u201d, del escritor Jos\u00e9 de Jes\u00fas Sampedro, con los comentarios de Marcela Campos, Alain Derbez, \u00d3scar Tagle y Gonzalo Lizardo, bajo la moderaci\u00f3n de Georgia Aral\u00fa Gonz\u00e1lez. La obra fue publicada por el Instituto Zacatecano de Cultura y Al gravitar rotando.<\/p>\n<p>De manera paralela, en Palacio de Gobierno, se present\u00f3 El bibli\u00f3filo enamorado, de Alexis Martin, con estudio de Edgar A. G. Encina, traducci\u00f3n de Cynthia Garc\u00eda Ba\u00f1uelos e ilustraciones de Mart\u00edn Olivera. La presentaci\u00f3n estuvo a cargo de Claudia Liliana Gonz\u00e1lez N\u00fa\u00f1ez y Jos\u00e9 Antonio Sandoval Jasso, con Ashley Iran Arizbeth Jim\u00e9nez L\u00f3pez como moderadora.<\/p>\n<p>Como parte de la programaci\u00f3n art\u00edstica vinculada a la Feria, el Ensamble Coral Voces del Alma cerr\u00f3 las actividades del Foro de Plaza de Armas con Jazz Vox: Coro &amp; Swing, colaboraci\u00f3n con el 19 Festival Internacional de Jazz y Blues, fortaleciendo el di\u00e1logo entre la literatura, las expresiones corales y la m\u00fasica dentro de la agenda cultural de Zacatecas.<\/p>\n","protected":false},"excerpt":{"rendered":"<p>&nbsp; \u25aa\ufe0fEn el s\u00e9ptimo d\u00eda de actividades art\u00edsticas y acad\u00e9micas en este encuentro, que re\u00fane voces y plumas de la historia, la literatura y difusi\u00f3n del<span class=\"excerpt-hellip\"> [\u2026]<\/span><\/p>\n","protected":false},"author":2,"featured_media":34658,"comment_status":"open","ping_status":"open","sticky":false,"template":"","format":"standard","meta":{"footnotes":""},"categories":[16],"tags":[],"class_list":["post-34657","post","type-post","status-publish","format-standard","has-post-thumbnail","hentry","category-zacatecas"],"_links":{"self":[{"href":"https:\/\/sientetupasion.com\/index.php\/wp-json\/wp\/v2\/posts\/34657","targetHints":{"allow":["GET"]}}],"collection":[{"href":"https:\/\/sientetupasion.com\/index.php\/wp-json\/wp\/v2\/posts"}],"about":[{"href":"https:\/\/sientetupasion.com\/index.php\/wp-json\/wp\/v2\/types\/post"}],"author":[{"embeddable":true,"href":"https:\/\/sientetupasion.com\/index.php\/wp-json\/wp\/v2\/users\/2"}],"replies":[{"embeddable":true,"href":"https:\/\/sientetupasion.com\/index.php\/wp-json\/wp\/v2\/comments?post=34657"}],"version-history":[{"count":1,"href":"https:\/\/sientetupasion.com\/index.php\/wp-json\/wp\/v2\/posts\/34657\/revisions"}],"predecessor-version":[{"id":34659,"href":"https:\/\/sientetupasion.com\/index.php\/wp-json\/wp\/v2\/posts\/34657\/revisions\/34659"}],"wp:featuredmedia":[{"embeddable":true,"href":"https:\/\/sientetupasion.com\/index.php\/wp-json\/wp\/v2\/media\/34658"}],"wp:attachment":[{"href":"https:\/\/sientetupasion.com\/index.php\/wp-json\/wp\/v2\/media?parent=34657"}],"wp:term":[{"taxonomy":"category","embeddable":true,"href":"https:\/\/sientetupasion.com\/index.php\/wp-json\/wp\/v2\/categories?post=34657"},{"taxonomy":"post_tag","embeddable":true,"href":"https:\/\/sientetupasion.com\/index.php\/wp-json\/wp\/v2\/tags?post=34657"}],"curies":[{"name":"wp","href":"https:\/\/api.w.org\/{rel}","templated":true}]}}