{"id":34611,"date":"2026-08-27T20:47:37","date_gmt":"2026-08-28T02:47:37","guid":{"rendered":"https:\/\/sientetupasion.com\/?p=34611"},"modified":"2026-08-27T20:47:37","modified_gmt":"2026-08-28T02:47:37","slug":"impulsa-pt-reforma-para-fortalecer-proteccion-de-mujeres-frente-a-la-violencia-politica","status":"publish","type":"post","link":"https:\/\/sientetupasion.com\/index.php\/2026\/08\/27\/impulsa-pt-reforma-para-fortalecer-proteccion-de-mujeres-frente-a-la-violencia-politica\/","title":{"rendered":"IMPULSA PT REFORMA PARA FORTALECER PROTECCI\u00d3N DE MUJERES FRENTE A LA VIOLENCIA POL\u00cdTICA"},"content":{"rendered":"<p>* La iniciativa de Renata \u00c1vila y Alfredo Femat propone fortalecer sanciones y medidas cautelares ante casos de violencia pol\u00edtica contra las mujeres en raz\u00f3n de g\u00e9nero.<\/p>\n<p>* Durante su lectura se sumaron a la propuesta legisladoras y legisladores del PRI, PAN y Movimiento Ciudadano.<\/p>\n<p>Con el objetivo de avanzar hacia espacios pol\u00edticos libres de violencia y contribuir a reducir las brechas de desigualdad que a\u00fan enfrentan las mujeres en el ejercicio de sus derechos pol\u00edtico-electorales, las y el integrante del Grupo Parlamentario del Partido del Trabajo (PT), Renata \u00c1vila Valadez y Alfredo Femat Ba\u00f1uelos, presentaron una iniciativa para reformar la Ley Electoral del Estado de Zacatecas.<\/p>\n<p>La propuesta fue le\u00edda durante la sesi\u00f3n legislativa de este jueves y recibi\u00f3 el respaldo de las diputadas Dayanne Cruz Hern\u00e1ndez, del PRI; Mar\u00eda Teresa L\u00f3pez Garc\u00eda, del PAN; y el diputado Marco Vinicio Flores Guerrero, de Movimiento Ciudadano.<br \/>\nDurante la presentaci\u00f3n de la propuesta, el diputado Alfredo Femat Ba\u00f1uelos destac\u00f3 que para el PT es importante explorar mecanismos que permitan garantizar espacios pol\u00edticos libres de violencia, reconociendo que las resistencias que enfrentan muchas mujeres para ejercer plenamente sus derechos no corresponden exclusivamente a un partido pol\u00edtico.<\/p>\n<p>Por el contrario, se\u00f1al\u00f3 que se trata de un fen\u00f3meno que puede presentarse en las distintas fuerzas pol\u00edticas y que afecta a mujeres que construyen liderazgos propios, participan en estructuras partidistas, toman decisiones y aspiran leg\u00edtimamente a ocupar mayores responsabilidades.<\/p>\n<p>En ese sentido, subray\u00f3 que la propuesta no busca se\u00f1alar a una fuerza pol\u00edtica en particular, sino contribuir a establecer reglas comunes que permitan prevenir y atender pr\u00e1cticas de exclusi\u00f3n, invisibilizaci\u00f3n, obstaculizaci\u00f3n o subordinaci\u00f3n que todav\u00eda persisten en la vida pol\u00edtica.<\/p>\n<p>Entre los principales planteamientos, expuso, se encuentra el establecimiento de consecuencias espec\u00edficas cuando exista una resoluci\u00f3n firme de autoridad competente que determine la comisi\u00f3n de violencia pol\u00edtica contra las mujeres en raz\u00f3n de g\u00e9nero.<\/p>\n<p>El objetivo, se\u00f1al\u00f3 el diputado, es evitar que las sanciones por violencia pol\u00edtica de g\u00e9nero se reduzcan \u00fanicamente a amonestaciones o consecuencias econ\u00f3micas, mientras las personas responsables mantienen posiciones desde las cuales ejercen poder pol\u00edtico o partidista.<\/p>\n<p>El legislador record\u00f3 que desde 2022 el Partido del Trabajo cuenta con un Protocolo para Prevenir, Atender, Sancionar, Reparar y Erradicar la Violencia Pol\u00edtica contra las Mujeres en Raz\u00f3n de G\u00e9nero, como parte del compromiso de este instituto pol\u00edtico para enfrentar este tipo de conductas.<\/p>\n<p>Sin embargo, sostuvo que es necesario avanzar m\u00e1s all\u00e1 de los mecanismos de autorregulaci\u00f3n partidista y explorar normas jur\u00eddicas de observancia obligatoria que definan con claridad responsabilidades, medidas de protecci\u00f3n y consecuencias.<\/p>\n<p>Finalmente, Femat Ba\u00f1uelos se\u00f1al\u00f3 que la propuesta constituye un esfuerzo para contribuir a cerrar las brechas de desigualdad que todav\u00eda existen en la pol\u00edtica y abrir una discusi\u00f3n en la que participen las diferentes fuerzas partidistas.<\/p>\n","protected":false},"excerpt":{"rendered":"<p>* La iniciativa de Renata \u00c1vila y Alfredo Femat propone fortalecer sanciones y medidas cautelares ante casos de violencia pol\u00edtica contra las mujeres en raz\u00f3n de<span class=\"excerpt-hellip\"> [\u2026]<\/span><\/p>\n","protected":false},"author":2,"featured_media":34612,"comment_status":"open","ping_status":"open","sticky":false,"template":"","format":"standard","meta":{"footnotes":""},"categories":[8],"tags":[],"class_list":["post-34611","post","type-post","status-publish","format-standard","has-post-thumbnail","hentry","category-politica"],"_links":{"self":[{"href":"https:\/\/sientetupasion.com\/index.php\/wp-json\/wp\/v2\/posts\/34611","targetHints":{"allow":["GET"]}}],"collection":[{"href":"https:\/\/sientetupasion.com\/index.php\/wp-json\/wp\/v2\/posts"}],"about":[{"href":"https:\/\/sientetupasion.com\/index.php\/wp-json\/wp\/v2\/types\/post"}],"author":[{"embeddable":true,"href":"https:\/\/sientetupasion.com\/index.php\/wp-json\/wp\/v2\/users\/2"}],"replies":[{"embeddable":true,"href":"https:\/\/sientetupasion.com\/index.php\/wp-json\/wp\/v2\/comments?post=34611"}],"version-history":[{"count":1,"href":"https:\/\/sientetupasion.com\/index.php\/wp-json\/wp\/v2\/posts\/34611\/revisions"}],"predecessor-version":[{"id":34613,"href":"https:\/\/sientetupasion.com\/index.php\/wp-json\/wp\/v2\/posts\/34611\/revisions\/34613"}],"wp:featuredmedia":[{"embeddable":true,"href":"https:\/\/sientetupasion.com\/index.php\/wp-json\/wp\/v2\/media\/34612"}],"wp:attachment":[{"href":"https:\/\/sientetupasion.com\/index.php\/wp-json\/wp\/v2\/media?parent=34611"}],"wp:term":[{"taxonomy":"category","embeddable":true,"href":"https:\/\/sientetupasion.com\/index.php\/wp-json\/wp\/v2\/categories?post=34611"},{"taxonomy":"post_tag","embeddable":true,"href":"https:\/\/sientetupasion.com\/index.php\/wp-json\/wp\/v2\/tags?post=34611"}],"curies":[{"name":"wp","href":"https:\/\/api.w.org\/{rel}","templated":true}]}}