{"id":34605,"date":"2026-08-27T20:43:23","date_gmt":"2026-08-28T02:43:23","guid":{"rendered":"https:\/\/sientetupasion.com\/?p=34605"},"modified":"2026-08-27T20:43:23","modified_gmt":"2026-08-28T02:43:23","slug":"ruth-calderon-respalda-entrega-de-utiles-escolares-para-fortalecer-el-regreso-a-clases","status":"publish","type":"post","link":"https:\/\/sientetupasion.com\/index.php\/2026\/08\/27\/ruth-calderon-respalda-entrega-de-utiles-escolares-para-fortalecer-el-regreso-a-clases\/","title":{"rendered":"Ruth Calder\u00f3n respalda entrega de \u00fatiles escolares para fortalecer el regreso a clases"},"content":{"rendered":"<h3><\/h3>\n<p class=\"isSelectedEnd\"><strong>Zacatecas, Zac.\u2014<\/strong> La diputada local <strong>Ruth Calder\u00f3n<\/strong> acompa\u00f1\u00f3 la entrega de \u00fatiles escolares en la <strong>Escuela Primaria Federal Amparo D\u00e1vila<\/strong>, como parte de las acciones impulsadas para apoyar a las familias y fortalecer las condiciones de ni\u00f1as y ni\u00f1os durante el regreso a clases.<\/p>\n<p class=\"isSelectedEnd\">La legisladora destac\u00f3 que estos apoyos, promovidos por el gobernador <strong>David Monreal \u00c1vila<\/strong>, representan un respaldo para la econom\u00eda de los hogares y permiten que las y los estudiantes cuenten con herramientas necesarias para desarrollar sus actividades acad\u00e9micas.<\/p>\n<p class=\"isSelectedEnd\">Ruth Calder\u00f3n se\u00f1al\u00f3 la importancia de mantener acciones que beneficien directamente a la comunidad estudiantil y refrend\u00f3 su disposici\u00f3n de continuar acompa\u00f1ando iniciativas enfocadas en fortalecer la educaci\u00f3n en Zacatecas.<\/p>\n<p>Con la entrega de estos \u00fatiles escolares, autoridades y representantes legislativos buscan contribuir a que las ni\u00f1as y ni\u00f1os tengan un mejor inicio del ciclo escolar y mayores oportunidades para continuar con su formaci\u00f3n.<\/p>\n","protected":false},"excerpt":{"rendered":"<p>Zacatecas, Zac.\u2014 La diputada local Ruth Calder\u00f3n acompa\u00f1\u00f3 la entrega de \u00fatiles escolares en la Escuela Primaria Federal Amparo D\u00e1vila, como parte de las acciones impulsadas<span class=\"excerpt-hellip\"> [\u2026]<\/span><\/p>\n","protected":false},"author":2,"featured_media":34606,"comment_status":"open","ping_status":"open","sticky":false,"template":"","format":"standard","meta":{"footnotes":""},"categories":[8],"tags":[],"class_list":["post-34605","post","type-post","status-publish","format-standard","has-post-thumbnail","hentry","category-politica"],"_links":{"self":[{"href":"https:\/\/sientetupasion.com\/index.php\/wp-json\/wp\/v2\/posts\/34605","targetHints":{"allow":["GET"]}}],"collection":[{"href":"https:\/\/sientetupasion.com\/index.php\/wp-json\/wp\/v2\/posts"}],"about":[{"href":"https:\/\/sientetupasion.com\/index.php\/wp-json\/wp\/v2\/types\/post"}],"author":[{"embeddable":true,"href":"https:\/\/sientetupasion.com\/index.php\/wp-json\/wp\/v2\/users\/2"}],"replies":[{"embeddable":true,"href":"https:\/\/sientetupasion.com\/index.php\/wp-json\/wp\/v2\/comments?post=34605"}],"version-history":[{"count":1,"href":"https:\/\/sientetupasion.com\/index.php\/wp-json\/wp\/v2\/posts\/34605\/revisions"}],"predecessor-version":[{"id":34607,"href":"https:\/\/sientetupasion.com\/index.php\/wp-json\/wp\/v2\/posts\/34605\/revisions\/34607"}],"wp:featuredmedia":[{"embeddable":true,"href":"https:\/\/sientetupasion.com\/index.php\/wp-json\/wp\/v2\/media\/34606"}],"wp:attachment":[{"href":"https:\/\/sientetupasion.com\/index.php\/wp-json\/wp\/v2\/media?parent=34605"}],"wp:term":[{"taxonomy":"category","embeddable":true,"href":"https:\/\/sientetupasion.com\/index.php\/wp-json\/wp\/v2\/categories?post=34605"},{"taxonomy":"post_tag","embeddable":true,"href":"https:\/\/sientetupasion.com\/index.php\/wp-json\/wp\/v2\/tags?post=34605"}],"curies":[{"name":"wp","href":"https:\/\/api.w.org\/{rel}","templated":true}]}}