{"id":34417,"date":"2026-08-25T21:19:54","date_gmt":"2026-08-26T03:19:54","guid":{"rendered":"https:\/\/sientetupasion.com\/?p=34417"},"modified":"2026-08-25T21:19:54","modified_gmt":"2026-08-26T03:19:54","slug":"tere-jimenez-celebra-a-abuelitas-y-abuelitos-reconoce-su-legado-y-aportaciones-a-aguascalientes","status":"publish","type":"post","link":"https:\/\/sientetupasion.com\/index.php\/2026\/08\/25\/tere-jimenez-celebra-a-abuelitas-y-abuelitos-reconoce-su-legado-y-aportaciones-a-aguascalientes\/","title":{"rendered":"TERE JIM\u00c9NEZ CELEBRA A ABUELITAS Y ABUELITOS: RECONOCE SU LEGADO Y APORTACIONES A AGUASCALIENTES"},"content":{"rendered":"<p>&nbsp;<\/p>\n<p>* La gobernadora encabez\u00f3 el festejo por el D\u00eda del Abuelo, organizado por el DIF Estatal y el DIF del Municipio de Aguascalientes<br \/>\n* Comparti\u00f3 un momento de convivencia y alegr\u00eda con m\u00e1s de 5 mil adultos mayores<\/p>\n<p>Ante m\u00e1s de 5 mil adultos mayores y en un ambiente de alegr\u00eda, m\u00fasica y sana convivencia, la gobernadora de Aguascalientes, Tere Jim\u00e9nez, encabez\u00f3 el festejo del D\u00eda del Abuelo 2026, donde reconoci\u00f3 a las y los adultos mayores como parte fundamental de la historia y del desarrollo de Aguascalientes.<\/p>\n<p>Durante este encuentro, organizado por el DIF Estatal y el DIF del Municipio de Aguascalientes, la gobernadora destac\u00f3 que las generaciones mayores han dejado una profunda huella en la entidad, gracias a su trabajo, esfuerzo, experiencia y valores, que hoy forman parte de la sociedad que se tiene en Aguascalientes.<\/p>\n<p>\u201cQueremos agradecerles por lo que han hecho por Aguascalientes, agradecerles por su vida, por su trabajo y esfuerzo; gracias a ustedes somos una sociedad de gente buena, un lugar donde podemos vivir contentos; y yo les quiero agradecer siempre ese esfuerzo y por su vida, much\u00edsimas gracias a todas y a todos\u201d, les dijo la gobernadora a las y los abuelitos.<\/p>\n<p>Aurora Jim\u00e9nez Esquivel, primera voluntaria y presidenta del DIF Estatal, mencion\u00f3 que con este festejo se celebra la vida y la existencia de todas las personas mayores que son ejemplo de ense\u00f1anza y valores para toda la sociedad.<\/p>\n<p>De igual manera refrend\u00f3 el compromiso del DIF Estatal de seguir impulsando acciones que promuevan una vida plena para las personas adultas mayores.<\/p>\n<p>Aurora Jim\u00e9nez coment\u00f3 que en este festejo participaron m\u00e1s de 5 mil adultos mayores de los municipios del interior del estado, de los Clubes de la Tercera Edad y del Centro Gerontol\u00f3gico del DIF Estatal. Asimismo agradeci\u00f3 al presidente municipal de Aguascalientes, Leo Monta\u00f1ez, por unir esfuerzos y voluntades con el DIF Estatal para organizar este magno evento.<\/p>\n<p>Leo Monta\u00f1ez, presidente municipal de Aguascalientes, reconoci\u00f3 el importante papel que desempe\u00f1an las y los adultos mayores en las familias y en la sociedad de Aguascalientes.<\/p>\n<p>\u201cLos abuelitos son el coraz\u00f3n, nos han forjado con sus valores y principios, nos han ense\u00f1ado a seguir adelante a pesar de las adversidades, a trabajar, la honestidad y la cultura del esfuerzo\u201d, dijo.<\/p>\n<p>Asimismo, agradeci\u00f3 la voluntad y disposici\u00f3n de la gobernadora Tere Jim\u00e9nez para hacer equipo por un mejor Aguascalientes.<\/p>\n<p>Como parte del festejo que se realiz\u00f3 en las instalaciones del Foro de las Estrellas, las y los asistentes disfrutaron de una comida, rifa de regalos, adem\u00e1s de m\u00fasica en vivo a cargo de la Sonora Santanera, que puso el ambiente para que las familias y personas adultas mayores disfrutaran de una tarde de celebraci\u00f3n.<\/p>\n<p>En el evento tambi\u00e9n estuvieron presentes la senadora Mar\u00eda de Jes\u00fas D\u00edaz Marmolejo; H\u00e9ctor Castorena Esparza, director general del Sistema DIF Estatal; Hugo Aguilera Cordero, director general del DIF del Municipio de Aguascalientes; Ma. de Jes\u00fas Ram\u00edrez Castro, directora del Instituto Aguascalentense de las Personas Adultas Mayores; Norma Adela Guel Sald\u00edvar, secretaria de la Familia, adem\u00e1s de las presidentas de los DIF Municipales; Patricia C\u00e1rdenas, directora del Instituto Aguascalentense de las Mujeres; Antonio Abad Mena, director general de la Beneficencia P\u00fablica del Estado; Antonio Mart\u00ednez Romo, secretario de Seguridad P\u00fablica del Estado; Natzielly Rodr\u00edguez Calzada, directora general del Instituto Aguascalentense de las Personas Migrantes del Estado; Alejandro V\u00e1zquez Z\u00fa\u00f1iga, director general del Instituto Cultural de Aguascalientes; Israel Ortega Gonz\u00e1lez, director general del Ficotrece; Alejandro Monreal D\u00e1vila, director general del INEPJA, entre otros funcionarios estatales.<\/p>\n","protected":false},"excerpt":{"rendered":"<p>&nbsp; * La gobernadora encabez\u00f3 el festejo por el D\u00eda del Abuelo, organizado por el DIF Estatal y el DIF del Municipio de Aguascalientes * Comparti\u00f3<span class=\"excerpt-hellip\"> [\u2026]<\/span><\/p>\n","protected":false},"author":2,"featured_media":34418,"comment_status":"open","ping_status":"open","sticky":false,"template":"","format":"standard","meta":{"footnotes":""},"categories":[21],"tags":[],"class_list":["post-34417","post","type-post","status-publish","format-standard","has-post-thumbnail","hentry","category-aguascalientes"],"_links":{"self":[{"href":"https:\/\/sientetupasion.com\/index.php\/wp-json\/wp\/v2\/posts\/34417","targetHints":{"allow":["GET"]}}],"collection":[{"href":"https:\/\/sientetupasion.com\/index.php\/wp-json\/wp\/v2\/posts"}],"about":[{"href":"https:\/\/sientetupasion.com\/index.php\/wp-json\/wp\/v2\/types\/post"}],"author":[{"embeddable":true,"href":"https:\/\/sientetupasion.com\/index.php\/wp-json\/wp\/v2\/users\/2"}],"replies":[{"embeddable":true,"href":"https:\/\/sientetupasion.com\/index.php\/wp-json\/wp\/v2\/comments?post=34417"}],"version-history":[{"count":1,"href":"https:\/\/sientetupasion.com\/index.php\/wp-json\/wp\/v2\/posts\/34417\/revisions"}],"predecessor-version":[{"id":34419,"href":"https:\/\/sientetupasion.com\/index.php\/wp-json\/wp\/v2\/posts\/34417\/revisions\/34419"}],"wp:featuredmedia":[{"embeddable":true,"href":"https:\/\/sientetupasion.com\/index.php\/wp-json\/wp\/v2\/media\/34418"}],"wp:attachment":[{"href":"https:\/\/sientetupasion.com\/index.php\/wp-json\/wp\/v2\/media?parent=34417"}],"wp:term":[{"taxonomy":"category","embeddable":true,"href":"https:\/\/sientetupasion.com\/index.php\/wp-json\/wp\/v2\/categories?post=34417"},{"taxonomy":"post_tag","embeddable":true,"href":"https:\/\/sientetupasion.com\/index.php\/wp-json\/wp\/v2\/tags?post=34417"}],"curies":[{"name":"wp","href":"https:\/\/api.w.org\/{rel}","templated":true}]}}