{"id":34405,"date":"2026-08-25T21:11:32","date_gmt":"2026-08-26T03:11:32","guid":{"rendered":"https:\/\/sientetupasion.com\/?p=34405"},"modified":"2026-08-25T21:11:32","modified_gmt":"2026-08-26T03:11:32","slug":"disertan-sobre-la-importancia-para-zacatecas-del-camino-real-tierra-adentro-en-fenaliz-2026","status":"publish","type":"post","link":"https:\/\/sientetupasion.com\/index.php\/2026\/08\/25\/disertan-sobre-la-importancia-para-zacatecas-del-camino-real-tierra-adentro-en-fenaliz-2026\/","title":{"rendered":"Disertan sobre la importancia para Zacatecas del Camino Real Tierra Adentro, en Fenaliz 2026"},"content":{"rendered":"<p>&nbsp;<\/p>\n<p>\u25aa\ufe0fCon la presentaci\u00f3n editorial \u201cZacatecas. Origen y destino del Camino Real Tierra Adentro\u201d, que tuvo aportaciones de especialistas<br \/>\n\u25aa\ufe0fAdem\u00e1s, la jornada de este martes reuni\u00f3 actividades en torno a la historia y la poes\u00eda<br \/>\n\u25aa\ufe0fEn un espacio para el intercambio de ideas, la difusi\u00f3n editorial y el reconocimiento de la memoria hist\u00f3rica y cultural de Zacatecas<\/p>\n<p>Zacatecas, Zac., 25 de agosto de 2026.- La riqueza hist\u00f3rica y cultural de la entidad qued\u00f3 de manifiesto durante la presentaci\u00f3n editorial de Zacatecas. Origen y destino del Camino Real de Tierra Adentro, obra que puso en valor la importancia de esta ruta hist\u00f3rica y su legado como parte del patrimonio cultural de la entidad.<\/p>\n<p>La actividad form\u00f3 parte de la jornada de este martes de la Feria Nacional del Libro Zacatecas 2026, organizada por el Gobierno del Estado, encabezado por el mandatario David Monreal \u00c1vila, a trav\u00e9s del Instituto Zacatecano de Cultura (IZC) \u201cRam\u00f3n L\u00f3pez Velarde\u201d, en el marco de El A\u00f1o del Progreso.<\/p>\n<p>La presentaci\u00f3n de la obra, correspondiente al g\u00e9nero de patrimonio cultural, cont\u00f3 con la participaci\u00f3n de Luis Ignacio G\u00f3mez Arriola, Limonar Soto Salazar y Carlos Alberto Torreblanca Padilla, quienes compartieron reflexiones en torno al origen, desarrollo y trascendencia del Camino Real de Tierra Adentro, as\u00ed como a su relevancia para comprender la historia y la identidad de Zacatecas. La actividad fue moderada por Ra\u00fal Rodr\u00edguez M\u00e1rquez.<\/p>\n<p>Con esta presentaci\u00f3n, la Feria destac\u00f3 la necesidad de reconocer, preservar y difundir el patrimonio hist\u00f3rico de Zacatecas, particularmente aquellos elementos que han contribuido a la conformaci\u00f3n cultural de la entidad y que mantienen vigencia como referentes de la memoria colectiva.<\/p>\n<p>Previamente, fue presentado el libro De la Revoluci\u00f3n a la reconstrucci\u00f3n: la conformaci\u00f3n de un nuevo Estado nacional desde la experiencia regional. Zacatecas, 1900-1929, de Claudia Mireya V\u00e1zquez, publicaci\u00f3n del g\u00e9nero de historia, editada por la Universidad Aut\u00f3noma de Zacatecas y el Centro de Actualizaci\u00f3n del Magisterio en Zacatecas.<\/p>\n<p>La presentaci\u00f3n cont\u00f3 con comentarios de Mariana Ter\u00e1n Fuentes y Sonia Ibarra, con Narali Mata D\u00e1vila como moderadora. La obra permiti\u00f3 abordar, desde la perspectiva regional, los procesos pol\u00edticos y sociales que acompa\u00f1aron la transformaci\u00f3n de Zacatecas durante las primeras d\u00e9cadas del siglo XX y su relaci\u00f3n con la conformaci\u00f3n de un nuevo Estado nacional.<\/p>\n<p>La jornada tuvo en su inicio la presentaci\u00f3n editorial de Ariadna, de la autora Martha Lilia Sandoval, publicaci\u00f3n de Seda Editores, correspondiente al g\u00e9nero de poes\u00eda. En esta actividad participaron Elsa Leticia Garc\u00eda Arg\u00fcelles y Alejandro Garc\u00eda Ortega, mientras que Joel Grijalva Tamayo fungi\u00f3 como moderador.<\/p>\n<p>El encuentro permiti\u00f3 acercar al p\u00fablico a una propuesta po\u00e9tica y propici\u00f3 el di\u00e1logo sobre la creaci\u00f3n literaria contempor\u00e1nea, como parte de una programaci\u00f3n que integr\u00f3 distintas voces y g\u00e9neros dentro de la Feria Nacional del Libro.<\/p>\n","protected":false},"excerpt":{"rendered":"<p>&nbsp; \u25aa\ufe0fCon la presentaci\u00f3n editorial \u201cZacatecas. Origen y destino del Camino Real Tierra Adentro\u201d, que tuvo aportaciones de especialistas \u25aa\ufe0fAdem\u00e1s, la jornada de este martes reuni\u00f3<span class=\"excerpt-hellip\"> [\u2026]<\/span><\/p>\n","protected":false},"author":2,"featured_media":34406,"comment_status":"open","ping_status":"open","sticky":false,"template":"","format":"standard","meta":{"footnotes":""},"categories":[16],"tags":[],"class_list":["post-34405","post","type-post","status-publish","format-standard","has-post-thumbnail","hentry","category-zacatecas"],"_links":{"self":[{"href":"https:\/\/sientetupasion.com\/index.php\/wp-json\/wp\/v2\/posts\/34405","targetHints":{"allow":["GET"]}}],"collection":[{"href":"https:\/\/sientetupasion.com\/index.php\/wp-json\/wp\/v2\/posts"}],"about":[{"href":"https:\/\/sientetupasion.com\/index.php\/wp-json\/wp\/v2\/types\/post"}],"author":[{"embeddable":true,"href":"https:\/\/sientetupasion.com\/index.php\/wp-json\/wp\/v2\/users\/2"}],"replies":[{"embeddable":true,"href":"https:\/\/sientetupasion.com\/index.php\/wp-json\/wp\/v2\/comments?post=34405"}],"version-history":[{"count":1,"href":"https:\/\/sientetupasion.com\/index.php\/wp-json\/wp\/v2\/posts\/34405\/revisions"}],"predecessor-version":[{"id":34407,"href":"https:\/\/sientetupasion.com\/index.php\/wp-json\/wp\/v2\/posts\/34405\/revisions\/34407"}],"wp:featuredmedia":[{"embeddable":true,"href":"https:\/\/sientetupasion.com\/index.php\/wp-json\/wp\/v2\/media\/34406"}],"wp:attachment":[{"href":"https:\/\/sientetupasion.com\/index.php\/wp-json\/wp\/v2\/media?parent=34405"}],"wp:term":[{"taxonomy":"category","embeddable":true,"href":"https:\/\/sientetupasion.com\/index.php\/wp-json\/wp\/v2\/categories?post=34405"},{"taxonomy":"post_tag","embeddable":true,"href":"https:\/\/sientetupasion.com\/index.php\/wp-json\/wp\/v2\/tags?post=34405"}],"curies":[{"name":"wp","href":"https:\/\/api.w.org\/{rel}","templated":true}]}}