{"id":34402,"date":"2026-08-25T21:10:25","date_gmt":"2026-08-26T03:10:25","guid":{"rendered":"https:\/\/sientetupasion.com\/?p=34402"},"modified":"2026-08-25T21:10:25","modified_gmt":"2026-08-26T03:10:25","slug":"recupera-ssp-espacio-publico-para-impulsar-entornos-seguros-para-la-ninez-en-la-zacatecana","status":"publish","type":"post","link":"https:\/\/sientetupasion.com\/index.php\/2026\/08\/25\/recupera-ssp-espacio-publico-para-impulsar-entornos-seguros-para-la-ninez-en-la-zacatecana\/","title":{"rendered":"Recupera SSP espacio p\u00fablico para impulsar entornos seguros para la ni\u00f1ez, en La Zacatecana"},"content":{"rendered":"<p>&nbsp;<\/p>\n<p>\u25aa\ufe0fForma parte de las acciones encaminadas a generar condiciones para que ni\u00f1as y ni\u00f1os cuenten con lugares seguros donde convivir y desarrollarse<\/p>\n<p>Guadalupe, Zac., 25 agosto de 2026.- Como parte de las acciones de proximidad social y prevenci\u00f3n que impulsa el Gobernador David Monreal \u00c1vila, a trav\u00e9s de la Secretar\u00eda de Seguridad P\u00fablica (SSP), se rehabilit\u00f3 y recuper\u00f3 el parque del Cerrito, en la comunidad de La Zacatecana, en Guadalupe, a fin de generar un espacio digno para la convivencia de las familias y la ni\u00f1ez.<\/p>\n<p>La jornada, llevada a cabo por elementos de la Polic\u00eda Estatal Preventiva, permiti\u00f3 transformar este espacio p\u00fablico mediante labores de restauraci\u00f3n, pintura y limpieza, en una acci\u00f3n que busca fomentar la cultura de la legalidad, la participaci\u00f3n ciudadana y la construcci\u00f3n de entornos seguros, al tiempo que promueve una mayor cercan\u00eda entre las instituciones de seguridad y la comunidad.<\/p>\n<p>Durante la inauguraci\u00f3n del espacio, el Secretario de Seguridad P\u00fablica, General Arturo Medina Mayoral, reconoci\u00f3 el compromiso y la participaci\u00f3n de la Polic\u00eda Estatal Preventiva y de las personas de la comunidad que se sumaron a este proyecto. Se\u00f1al\u00f3 que la labor de la instituci\u00f3n va m\u00e1s all\u00e1 de las funciones operativas, pues tambi\u00e9n tiene como prop\u00f3sito contribuir al bienestar de las y los zacatecanos.<\/p>\n<p>Destac\u00f3 que la recuperaci\u00f3n de espacios p\u00fablicos, particularmente aquellos destinados a la ni\u00f1ez, forma parte de las acciones encaminadas a generar condiciones para que ni\u00f1as y ni\u00f1os cuenten con lugares seguros donde convivir, desarrollarse y mantenerse alejados de conductas que puedan poner en riesgo su bienestar.<\/p>\n<p>El Director de la Polic\u00eda Estatal Preventiva, Rafael Fuerte Mendoza, destac\u00f3 que durante una semana se trabaj\u00f3 de manera conjunta con habitantes de La Zacatecana para recuperar y dignificar el parque, con la finalidad de que vuelva a ser un punto de encuentro, convivencia y bienestar para las familias.<\/p>\n<p>Subray\u00f3 que la seguridad se construye no s\u00f3lo desde las instituciones de Gobierno, sino tambi\u00e9n mediante la participaci\u00f3n ciudadana, la organizaci\u00f3n, la confianza y el trabajo en equipo.<\/p>\n<p>La Secretar\u00eda de Seguridad P\u00fablica reconoci\u00f3 el tiempo, esfuerzo y dedicaci\u00f3n de cada una de las personas que participaron en esta iniciativa, al considerar que la colaboraci\u00f3n entre sociedad y autoridades contribuye a contar con espacios p\u00fablicos dignos, comunidades participativas y entornos que favorecen la paz y el bienestar de las familias zacatecanas.<\/p>\n","protected":false},"excerpt":{"rendered":"<p>&nbsp; \u25aa\ufe0fForma parte de las acciones encaminadas a generar condiciones para que ni\u00f1as y ni\u00f1os cuenten con lugares seguros donde convivir y desarrollarse Guadalupe, Zac., 25<span class=\"excerpt-hellip\"> [\u2026]<\/span><\/p>\n","protected":false},"author":2,"featured_media":34403,"comment_status":"open","ping_status":"open","sticky":false,"template":"","format":"standard","meta":{"footnotes":""},"categories":[16],"tags":[],"class_list":["post-34402","post","type-post","status-publish","format-standard","has-post-thumbnail","hentry","category-zacatecas"],"_links":{"self":[{"href":"https:\/\/sientetupasion.com\/index.php\/wp-json\/wp\/v2\/posts\/34402","targetHints":{"allow":["GET"]}}],"collection":[{"href":"https:\/\/sientetupasion.com\/index.php\/wp-json\/wp\/v2\/posts"}],"about":[{"href":"https:\/\/sientetupasion.com\/index.php\/wp-json\/wp\/v2\/types\/post"}],"author":[{"embeddable":true,"href":"https:\/\/sientetupasion.com\/index.php\/wp-json\/wp\/v2\/users\/2"}],"replies":[{"embeddable":true,"href":"https:\/\/sientetupasion.com\/index.php\/wp-json\/wp\/v2\/comments?post=34402"}],"version-history":[{"count":1,"href":"https:\/\/sientetupasion.com\/index.php\/wp-json\/wp\/v2\/posts\/34402\/revisions"}],"predecessor-version":[{"id":34404,"href":"https:\/\/sientetupasion.com\/index.php\/wp-json\/wp\/v2\/posts\/34402\/revisions\/34404"}],"wp:featuredmedia":[{"embeddable":true,"href":"https:\/\/sientetupasion.com\/index.php\/wp-json\/wp\/v2\/media\/34403"}],"wp:attachment":[{"href":"https:\/\/sientetupasion.com\/index.php\/wp-json\/wp\/v2\/media?parent=34402"}],"wp:term":[{"taxonomy":"category","embeddable":true,"href":"https:\/\/sientetupasion.com\/index.php\/wp-json\/wp\/v2\/categories?post=34402"},{"taxonomy":"post_tag","embeddable":true,"href":"https:\/\/sientetupasion.com\/index.php\/wp-json\/wp\/v2\/tags?post=34402"}],"curies":[{"name":"wp","href":"https:\/\/api.w.org\/{rel}","templated":true}]}}