{"id":34389,"date":"2026-08-25T21:04:21","date_gmt":"2026-08-26T03:04:21","guid":{"rendered":"https:\/\/sientetupasion.com\/?p=34389"},"modified":"2026-08-25T21:04:21","modified_gmt":"2026-08-26T03:04:21","slug":"funcionara-casa-del-bienestar-de-jerez-como-espacio-de-retiro-para-adultos-mayores","status":"publish","type":"post","link":"https:\/\/sientetupasion.com\/index.php\/2026\/08\/25\/funcionara-casa-del-bienestar-de-jerez-como-espacio-de-retiro-para-adultos-mayores\/","title":{"rendered":"Funcionar\u00e1 Casa del Bienestar de Jerez como espacio de retiro para adultos mayores"},"content":{"rendered":"<p>\u25aa\ufe0f El nuevo espacio contar\u00e1 con circuito terap\u00e9utico, \u00e1rea m\u00e9dica y de cuidados especiales, centrales de enfermer\u00eda, elevador, planta de emergencia y otros servicios<br \/>\n\u25aa\ufe0f El proyecto, impulsado por la Presidenta Honor\u00edfica del SEDIF, Sara Hern\u00e1ndez de Monreal, brindar\u00e1 atenci\u00f3n y alojamiento a personas mayores de 60 a\u00f1os de edad<\/p>\n<p>Zacatecas, Zac., 25 de agosto de 2026.- En el marco de la conmemoraci\u00f3n del D\u00eda de las y los Abuelos, el Gobierno de Zacatecas, encabezado por el mandatario David Monreal \u00c1vila, abrir\u00e1 las puertas de la Casa del Bienestar de Jerez, un espacio que funcionar\u00e1 bajo un esquema de casa de retiro, dise\u00f1ado para brindar alojamiento, atenci\u00f3n y cuidado integral a 88 personas adultas mayores de 60 a\u00f1os de edad.<\/p>\n<p>Impulsada por la Presidenta Honor\u00edfica del Sistema Estatal para el Desarrollo Integral de la Familia (SEDIF), Sara Hern\u00e1ndez de Monreal, esta nueva infraestructura destaca por contar con espacios pensados espec\u00edficamente para atender las necesidades de sus residentes y proporcionarles condiciones de seguridad, comodidad y bienestar.<\/p>\n<p>La Casa del Bienestar de Jerez funcionar\u00e1 a partir del 28 de agosto de 2026, bajo un esquema de casa de retiro, en el que las y los usuarios cubrir\u00e1n una cuota mensual. El inmueble fue concebido como un espacio integral, donde las personas adultas mayores podr\u00e1n contar con \u00e1reas destinadas tanto a su atenci\u00f3n y cuidado como a su convivencia y desarrollo cotidiano.<\/p>\n<p>Entre sus principales espacios se encuentra un circuito terap\u00e9utico, dise\u00f1ado para favorecer la movilidad y contribuir al bienestar f\u00edsico de las y los residentes; adem\u00e1s, una sala, que permitir\u00e1 contar con un espacio de convivencia y descanso.<\/p>\n<p>La casa tambi\u00e9n dispone de cocina y comedor, \u00e1reas fundamentales para la preparaci\u00f3n y consumo de alimentos; as\u00ed como un centro de lavado, que complementa los servicios necesarios para la vida cotidiana de quienes habiten este espacio.<\/p>\n<p>Como parte de la atenci\u00f3n integral, cuenta con una capilla, destinada a quienes deseen disponer de un espacio para la reflexi\u00f3n y el acompa\u00f1amiento espiritual.<\/p>\n<p>Uno de los elementos centrales de esta infraestructura es su \u00e1rea m\u00e9dica y de cuidados especiales, dise\u00f1ada para brindar atenci\u00f3n a las necesidades particulares de las personas adultas mayores.<\/p>\n<p>A ello se suma una central de enfermer\u00eda en cada nivel, lo que permitir\u00e1 contar con atenci\u00f3n y vigilancia de manera cercana y permanente.<\/p>\n<p>En materia de seguridad y funcionamiento, la Casa del Bienestar dispone de una planta de emergencia, que permitir\u00e1 mantener servicios esenciales ante eventuales interrupciones de energ\u00eda el\u00e9ctrica, adem\u00e1s de un elevador, que facilita la movilidad y accesibilidad entre los diferentes niveles del inmueble.<\/p>\n<p>El complejo cuenta tambi\u00e9n con una caseta de vigilancia, a fin de fortalecer las condiciones de seguridad para las personas residentes, sus familias y el personal encargado de brindar los servicios.<\/p>\n<p>De esta manera, cada uno de los espacios que conforman la Casa del Bienestar de Jerez responde a una necesidad espec\u00edfica, con el objetivo de ofrecer a las personas adultas mayores un lugar digno, seguro, funcional y equipado, donde puedan recibir atenci\u00f3n integral y vivir esta etapa de su vida con bienestar y calidad de vida.<\/p>\n","protected":false},"excerpt":{"rendered":"<p>\u25aa\ufe0f El nuevo espacio contar\u00e1 con circuito terap\u00e9utico, \u00e1rea m\u00e9dica y de cuidados especiales, centrales de enfermer\u00eda, elevador, planta de emergencia y otros servicios \u25aa\ufe0f El<span class=\"excerpt-hellip\"> [\u2026]<\/span><\/p>\n","protected":false},"author":2,"featured_media":34390,"comment_status":"open","ping_status":"open","sticky":false,"template":"","format":"standard","meta":{"footnotes":""},"categories":[16],"tags":[],"class_list":["post-34389","post","type-post","status-publish","format-standard","has-post-thumbnail","hentry","category-zacatecas"],"_links":{"self":[{"href":"https:\/\/sientetupasion.com\/index.php\/wp-json\/wp\/v2\/posts\/34389","targetHints":{"allow":["GET"]}}],"collection":[{"href":"https:\/\/sientetupasion.com\/index.php\/wp-json\/wp\/v2\/posts"}],"about":[{"href":"https:\/\/sientetupasion.com\/index.php\/wp-json\/wp\/v2\/types\/post"}],"author":[{"embeddable":true,"href":"https:\/\/sientetupasion.com\/index.php\/wp-json\/wp\/v2\/users\/2"}],"replies":[{"embeddable":true,"href":"https:\/\/sientetupasion.com\/index.php\/wp-json\/wp\/v2\/comments?post=34389"}],"version-history":[{"count":1,"href":"https:\/\/sientetupasion.com\/index.php\/wp-json\/wp\/v2\/posts\/34389\/revisions"}],"predecessor-version":[{"id":34391,"href":"https:\/\/sientetupasion.com\/index.php\/wp-json\/wp\/v2\/posts\/34389\/revisions\/34391"}],"wp:featuredmedia":[{"embeddable":true,"href":"https:\/\/sientetupasion.com\/index.php\/wp-json\/wp\/v2\/media\/34390"}],"wp:attachment":[{"href":"https:\/\/sientetupasion.com\/index.php\/wp-json\/wp\/v2\/media?parent=34389"}],"wp:term":[{"taxonomy":"category","embeddable":true,"href":"https:\/\/sientetupasion.com\/index.php\/wp-json\/wp\/v2\/categories?post=34389"},{"taxonomy":"post_tag","embeddable":true,"href":"https:\/\/sientetupasion.com\/index.php\/wp-json\/wp\/v2\/tags?post=34389"}],"curies":[{"name":"wp","href":"https:\/\/api.w.org\/{rel}","templated":true}]}}