{"id":34353,"date":"2026-08-25T20:33:18","date_gmt":"2026-08-26T02:33:18","guid":{"rendered":"https:\/\/sientetupasion.com\/?p=34353"},"modified":"2026-08-25T20:33:18","modified_gmt":"2026-08-26T02:33:18","slug":"ulises-mejia-destaca-unidad-en-torno-al-proyecto-de-transformacion","status":"publish","type":"post","link":"https:\/\/sientetupasion.com\/index.php\/2026\/08\/25\/ulises-mejia-destaca-unidad-en-torno-al-proyecto-de-transformacion\/","title":{"rendered":"Ulises Mej\u00eda destaca unidad en torno al proyecto de Transformaci\u00f3n"},"content":{"rendered":"<h3><\/h3>\n<p class=\"isSelectedEnd\"><strong>Zacatecas, Zac.\u2014<\/strong> El diputado con licencia <strong>Ulises Mej\u00eda Haro<\/strong> refrend\u00f3 su respaldo al proyecto de transformaci\u00f3n que encabeza la presidenta de M\u00e9xico, <strong>Claudia Sheinbaum Pardo<\/strong>, al destacar la importancia de mantener la unidad para continuar impulsando los objetivos de la llamada Cuarta Transformaci\u00f3n.<\/p>\n<p class=\"isSelectedEnd\">A trav\u00e9s de un mensaje difundido en sus redes sociales, Mej\u00eda Haro se\u00f1al\u00f3 que <strong>\u201cla esperanza nos une y la unidad nos fortalece\u201d<\/strong>, al tiempo que expres\u00f3 su respaldo a la presidenta de M\u00e9xico.<\/p>\n<p class=\"isSelectedEnd\">El legislador con licencia destac\u00f3 que, junto con Claudia Sheinbaum, se contin\u00faa trabajando en la construcci\u00f3n del denominado <strong>\u201csegundo piso de la Transformaci\u00f3n\u201d<\/strong>, proyecto que busca dar continuidad a las pol\u00edticas impulsadas por el movimiento de transformaci\u00f3n.<\/p>\n<p class=\"isSelectedEnd\">Ulises Mej\u00eda llam\u00f3 a mantener la unidad y la organizaci\u00f3n como elementos fundamentales para avanzar en este proyecto pol\u00edtico y social.<\/p>\n<p>Con este posicionamiento, el diputado con licencia reiter\u00f3 su cercan\u00eda con el movimiento encabezado por la presidenta Claudia Sheinbaum y su disposici\u00f3n de continuar participando en las acciones encaminadas a fortalecer la transformaci\u00f3n del pa\u00eds.<\/p>\n","protected":false},"excerpt":{"rendered":"<p>Zacatecas, Zac.\u2014 El diputado con licencia Ulises Mej\u00eda Haro refrend\u00f3 su respaldo al proyecto de transformaci\u00f3n que encabeza la presidenta de M\u00e9xico, Claudia Sheinbaum Pardo, al<span class=\"excerpt-hellip\"> [\u2026]<\/span><\/p>\n","protected":false},"author":2,"featured_media":34354,"comment_status":"open","ping_status":"open","sticky":false,"template":"","format":"standard","meta":{"footnotes":""},"categories":[8],"tags":[],"class_list":["post-34353","post","type-post","status-publish","format-standard","has-post-thumbnail","hentry","category-politica"],"_links":{"self":[{"href":"https:\/\/sientetupasion.com\/index.php\/wp-json\/wp\/v2\/posts\/34353","targetHints":{"allow":["GET"]}}],"collection":[{"href":"https:\/\/sientetupasion.com\/index.php\/wp-json\/wp\/v2\/posts"}],"about":[{"href":"https:\/\/sientetupasion.com\/index.php\/wp-json\/wp\/v2\/types\/post"}],"author":[{"embeddable":true,"href":"https:\/\/sientetupasion.com\/index.php\/wp-json\/wp\/v2\/users\/2"}],"replies":[{"embeddable":true,"href":"https:\/\/sientetupasion.com\/index.php\/wp-json\/wp\/v2\/comments?post=34353"}],"version-history":[{"count":1,"href":"https:\/\/sientetupasion.com\/index.php\/wp-json\/wp\/v2\/posts\/34353\/revisions"}],"predecessor-version":[{"id":34355,"href":"https:\/\/sientetupasion.com\/index.php\/wp-json\/wp\/v2\/posts\/34353\/revisions\/34355"}],"wp:featuredmedia":[{"embeddable":true,"href":"https:\/\/sientetupasion.com\/index.php\/wp-json\/wp\/v2\/media\/34354"}],"wp:attachment":[{"href":"https:\/\/sientetupasion.com\/index.php\/wp-json\/wp\/v2\/media?parent=34353"}],"wp:term":[{"taxonomy":"category","embeddable":true,"href":"https:\/\/sientetupasion.com\/index.php\/wp-json\/wp\/v2\/categories?post=34353"},{"taxonomy":"post_tag","embeddable":true,"href":"https:\/\/sientetupasion.com\/index.php\/wp-json\/wp\/v2\/tags?post=34353"}],"curies":[{"name":"wp","href":"https:\/\/api.w.org\/{rel}","templated":true}]}}